{"id":13160,"date":"2025-03-12T13:25:05","date_gmt":"2025-03-12T16:25:05","guid":{"rendered":"https:\/\/salvadoracontece.com.br\/?p=13160"},"modified":"2025-03-12T13:25:06","modified_gmt":"2025-03-12T16:25:06","slug":"meio-campista-encaminha-acerto-com-clube-da-serie-b-apos-deixar-o-bahia-saiba-detalhes","status":"publish","type":"post","link":"https:\/\/salvadoracontece.com.br\/index.php\/2025\/03\/12\/meio-campista-encaminha-acerto-com-clube-da-serie-b-apos-deixar-o-bahia-saiba-detalhes\/","title":{"rendered":"Meio-campista encaminha acerto com clube da S\u00e9rie B ap\u00f3s deixar o Bahia; saiba detalhes"},"content":{"rendered":"<p>Ap\u00f3s\u00a0<a href=\"https:\/\/www.bnews.com.br\/tags\/esporte-clube-bahia\" target=\"_blank\" rel=\"noopener\">deixar o Bahia<\/a>\u00a0ao final da \u00faltima temporada, o meio-campista\u00a0<a href=\"https:\/\/www.bnews.com.br\/tags\/de-pena\" target=\"_blank\" rel=\"noopener\">Carlos de Pena parece <\/a>ter <a href=\"https:\/\/www.bnews.com.br\/tags\/de-pena\" target=\"_blank\" rel=\"noopener\">definido seu pr\u00f3ximo destino<\/a>. O uruguaio tem negocia\u00e7\u00f5es avan\u00e7adas para assinar com Coritiba, que disputa a\u00a0<a href=\"https:\/\/www.bnews.com.br\/tags\/serie-b\" target=\"_blank\" rel=\"noopener\">S\u00e9rie B do Campeonato Brasileiro<\/a>.<\/p>\n<p>De Pena deve ser o primeiro refor\u00e7o do Coxa ap\u00f3s as elimina\u00e7\u00f5es precoces na Copa do Brasil e no Campeonato Paranaense. Pelo Esquadr\u00e3o de A\u00e7o, o atleta de 33 anos disputou 37 partidas, com um gol e quatro assist\u00eancias em 2024.<\/p>\n<p>Revelado pelo Nacional do Uruguai, De Pena tamb\u00e9m tem passagens pelo futebol europeu. Ele defendeu o Middlesbrough, da Inglaterra, o Real Oviedo, da Espanha, e o D\u00ednamo de Kiev, da Ucr\u00e2nia. Em seguida, foi contratado pelo Internacional.<\/p>\n","protected":false},"excerpt":{"rendered":"<p>Ap\u00f3s\u00a0deixar o Bahia\u00a0ao final da \u00faltima temporada, o meio-campista\u00a0Carlos de Pena parece ter definido seu pr\u00f3ximo destino. O uruguaio tem negocia\u00e7\u00f5es avan\u00e7adas para assinar com Coritiba, que disputa a\u00a0S\u00e9rie B do Campeonato Brasileiro. De Pena deve ser o primeiro refor\u00e7o do Coxa ap\u00f3s as elimina\u00e7\u00f5es precoces na Copa do Brasil e no Campeonato Paranaense. Pelo [&hellip;]<\/p>\n","protected":false},"author":1,"featured_media":13162,"comment_status":"open","ping_status":"closed","sticky":false,"template":"","format":"standard","meta":{"footnotes":""},"categories":[85],"tags":[],"class_list":["post-13160","post","type-post","status-publish","format-standard","has-post-thumbnail","hentry","category-noticias"],"_links":{"self":[{"href":"https:\/\/salvadoracontece.com.br\/index.php\/wp-json\/wp\/v2\/posts\/13160","targetHints":{"allow":["GET"]}}],"collection":[{"href":"https:\/\/salvadoracontece.com.br\/index.php\/wp-json\/wp\/v2\/posts"}],"about":[{"href":"https:\/\/salvadoracontece.com.br\/index.php\/wp-json\/wp\/v2\/types\/post"}],"author":[{"embeddable":true,"href":"https:\/\/salvadoracontece.com.br\/index.php\/wp-json\/wp\/v2\/users\/1"}],"replies":[{"embeddable":true,"href":"https:\/\/salvadoracontece.com.br\/index.php\/wp-json\/wp\/v2\/comments?post=13160"}],"version-history":[{"count":1,"href":"https:\/\/salvadoracontece.com.br\/index.php\/wp-json\/wp\/v2\/posts\/13160\/revisions"}],"predecessor-version":[{"id":13161,"href":"https:\/\/salvadoracontece.com.br\/index.php\/wp-json\/wp\/v2\/posts\/13160\/revisions\/13161"}],"wp:featuredmedia":[{"embeddable":true,"href":"https:\/\/salvadoracontece.com.br\/index.php\/wp-json\/wp\/v2\/media\/13162"}],"wp:attachment":[{"href":"https:\/\/salvadoracontece.com.br\/index.php\/wp-json\/wp\/v2\/media?parent=13160"}],"wp:term":[{"taxonomy":"category","embeddable":true,"href":"https:\/\/salvadoracontece.com.br\/index.php\/wp-json\/wp\/v2\/categories?post=13160"},{"taxonomy":"post_tag","embeddable":true,"href":"https:\/\/salvadoracontece.com.br\/index.php\/wp-json\/wp\/v2\/tags?post=13160"}],"curies":[{"name":"wp","href":"https:\/\/api.w.org\/{rel}","templated":true}]}}