{"id":13168,"date":"2025-03-12T14:10:48","date_gmt":"2025-03-12T17:10:48","guid":{"rendered":"https:\/\/salvadoracontece.com.br\/?p=13168"},"modified":"2025-03-12T14:10:48","modified_gmt":"2025-03-12T17:10:48","slug":"jovem-e-brutalmente-assassinado-a-tiros-em-bairro-de-salvador","status":"publish","type":"post","link":"https:\/\/salvadoracontece.com.br\/index.php\/2025\/03\/12\/jovem-e-brutalmente-assassinado-a-tiros-em-bairro-de-salvador\/","title":{"rendered":"Jovem \u00e9 brutalmente assassinado a tiros em bairro de Salvador"},"content":{"rendered":"<p>Um homem identificado inicialmente como Galego foi morto a tiros no in\u00edcio da tarde desta quarta-feira, 12, no bairro de\u00a0<a href=\"https:\/\/atarde.com.br\/?q=S%C3%A3o+Caetano&amp;d=1\" target=\"_blank\" rel=\"noopener\" data-rel-defined=\"\">S\u00e3o Caetano<\/a>, em\u00a0<a href=\"https:\/\/atarde.com.br\/?q=Salvador&amp;d=1\" target=\"_blank\" rel=\"noopener\" data-rel-defined=\"\">Salvador<\/a>.<\/p>\n<p>De acordo com informa\u00e7\u00f5es preliminares, a v\u00edtima foi atingida por diversos disparos. Familiares e agentes da Pol\u00edcia Militar estiveram no local logo ap\u00f3s o crime.<\/p>\n<p>Segundo a PM, policiais da 9\u00aa Companhia Independente (CIPM) foram acionados para atender \u00e0 ocorr\u00eancia na 5\u00aa Travessa An\u00edsio Teixeira, em Boa Vista de S\u00e3o Caetano. Ao chegarem, confirmaram o homic\u00eddio e isolaram a \u00e1rea at\u00e9 a chegada do Departamento de Pol\u00edcia T\u00e9cnica (DPT), que realizar\u00e1 a per\u00edcia no local.<\/p>\n","protected":false},"excerpt":{"rendered":"<p>Um homem identificado inicialmente como Galego foi morto a tiros no in\u00edcio da tarde desta quarta-feira, 12, no bairro de\u00a0S\u00e3o Caetano, em\u00a0Salvador. De acordo com informa\u00e7\u00f5es preliminares, a v\u00edtima foi atingida por diversos disparos. Familiares e agentes da Pol\u00edcia Militar estiveram no local logo ap\u00f3s o crime. Segundo a PM, policiais da 9\u00aa Companhia Independente [&hellip;]<\/p>\n","protected":false},"author":1,"featured_media":13170,"comment_status":"open","ping_status":"closed","sticky":false,"template":"","format":"standard","meta":{"footnotes":""},"categories":[85],"tags":[],"class_list":["post-13168","post","type-post","status-publish","format-standard","has-post-thumbnail","hentry","category-noticias"],"_links":{"self":[{"href":"https:\/\/salvadoracontece.com.br\/index.php\/wp-json\/wp\/v2\/posts\/13168","targetHints":{"allow":["GET"]}}],"collection":[{"href":"https:\/\/salvadoracontece.com.br\/index.php\/wp-json\/wp\/v2\/posts"}],"about":[{"href":"https:\/\/salvadoracontece.com.br\/index.php\/wp-json\/wp\/v2\/types\/post"}],"author":[{"embeddable":true,"href":"https:\/\/salvadoracontece.com.br\/index.php\/wp-json\/wp\/v2\/users\/1"}],"replies":[{"embeddable":true,"href":"https:\/\/salvadoracontece.com.br\/index.php\/wp-json\/wp\/v2\/comments?post=13168"}],"version-history":[{"count":1,"href":"https:\/\/salvadoracontece.com.br\/index.php\/wp-json\/wp\/v2\/posts\/13168\/revisions"}],"predecessor-version":[{"id":13169,"href":"https:\/\/salvadoracontece.com.br\/index.php\/wp-json\/wp\/v2\/posts\/13168\/revisions\/13169"}],"wp:featuredmedia":[{"embeddable":true,"href":"https:\/\/salvadoracontece.com.br\/index.php\/wp-json\/wp\/v2\/media\/13170"}],"wp:attachment":[{"href":"https:\/\/salvadoracontece.com.br\/index.php\/wp-json\/wp\/v2\/media?parent=13168"}],"wp:term":[{"taxonomy":"category","embeddable":true,"href":"https:\/\/salvadoracontece.com.br\/index.php\/wp-json\/wp\/v2\/categories?post=13168"},{"taxonomy":"post_tag","embeddable":true,"href":"https:\/\/salvadoracontece.com.br\/index.php\/wp-json\/wp\/v2\/tags?post=13168"}],"curies":[{"name":"wp","href":"https:\/\/api.w.org\/{rel}","templated":true}]}}