{"id":13194,"date":"2025-03-13T12:04:54","date_gmt":"2025-03-13T15:04:54","guid":{"rendered":"https:\/\/salvadoracontece.com.br\/?p=13194"},"modified":"2025-03-13T12:04:54","modified_gmt":"2025-03-13T15:04:54","slug":"criancas-na-bahia-passam-a-contar-com-vacina-contra-a-gripe-no-calendario-nacional","status":"publish","type":"post","link":"https:\/\/salvadoracontece.com.br\/index.php\/2025\/03\/13\/criancas-na-bahia-passam-a-contar-com-vacina-contra-a-gripe-no-calendario-nacional\/","title":{"rendered":"Crian\u00e7as na Bahia passam a contar com vacina contra a gripe no calend\u00e1rio nacional"},"content":{"rendered":"<div id=\"chunk-3d7kn\">\n<div class=\"mc-column content-text active-extra-styles \" data-block-type=\"unstyled\" data-block-weight=\"56\" data-block-id=\"3\">\n<p class=\" content-text__container \" data-track-category=\"Link no Texto\" data-track-links=\"\" data-mrf-recirculation=\"Mat\u00e9ria - Links no Texto\">Crian\u00e7as de seis meses a menores de 6 anos na Bahia v\u00e3o passar a contar com a vacina contra a gripe no calend\u00e1rio nacional. A vacina\u00e7\u00e3o contra influenza estar\u00e1 dispon\u00edvel em todas as salas de vacina do estado, assim como no restante do pa\u00eds, a partir da segunda quinzena de mar\u00e7o, n\u00e3o apenas em campanhas sazonais.<\/p>\n<\/div>\n<\/div>\n<div class=\"wall protected-content\">\n<div id=\"chunk-2t5oi\">\n<div class=\"mc-column content-text active-extra-styles \" data-block-type=\"unstyled\" data-block-weight=\"13\" data-block-id=\"5\">\n<p class=\" content-text__container \" data-track-category=\"Link no Texto\" data-track-links=\"\" data-mrf-recirculation=\"Mat\u00e9ria - Links no Texto\"><span class=\"highlight highlighted\">Em 2024, cerca de 380,9 mil crian\u00e7as foram vacinadas contra influenza na Bahia<\/span>.<\/p>\n<\/div>\n<\/div>\n<div id=\"chunk-dp4sn\">\n<div class=\"mc-column content-text active-extra-styles \" data-block-type=\"unstyled\" data-block-weight=\"53\" data-block-id=\"6\">\n<p class=\" content-text__container \" data-track-category=\"Link no Texto\" data-track-links=\"\" data-mrf-recirculation=\"Mat\u00e9ria - Links no Texto\">A prote\u00e7\u00e3o permanente com o imunizante tamb\u00e9m se estende a outros grupos como gestantes e idosos (a partir de 60 anos de idade). J\u00e1 outros grupos continuar\u00e3o a receber o imunizante em estrat\u00e9gias especiais, incluindo profissionais da sa\u00fade, professores, for\u00e7as de seguran\u00e7a, popula\u00e7\u00e3o privada de liberdade e pessoas com doen\u00e7as cr\u00f4nicas ou defici\u00eancias.<\/p>\n<div id=\"chunk-ekb6s\">\n<div class=\"mc-column content-text active-extra-styles \" data-block-type=\"unstyled\" data-block-weight=\"51\" data-block-id=\"9\">\n<p class=\" content-text__container \" data-track-category=\"Link no Texto\" data-track-links=\"\" data-mrf-recirculation=\"Mat\u00e9ria - Links no Texto\">Al\u00e9m da inclus\u00e3o do imunizante contra gripe, outras mudan\u00e7as foram adotadas para 2025, como a amplia\u00e7\u00e3o do per\u00edodo para aplica\u00e7\u00e3o da vacina contra rotav\u00edrus e a substitui\u00e7\u00e3o das doses de refor\u00e7o da vacina oral contra poliomielite por uma dose inativada &#8211; tipo de vacina incapaz de causar infec\u00e7\u00e3o ou efeitos adversos.<\/p>\n<\/div>\n<\/div>\n<div id=\"chunk-c7sr4\">\n<div class=\"mc-column content-text active-extra-styles\" data-block-type=\"raw\" data-block-weight=\"74\" data-block-id=\"10\">\n<ul class=\"content-unordered-list\">\n<li>No combate \u00e0 poliomielite, o esquema vacinal e o refor\u00e7o passam a ser exclusivamente com a vacina inativada (VIP), que \u00e9 injet\u00e1vel.<\/li>\n<li>J\u00e1 a vacina contra o rotav\u00edrus teve o per\u00edodo para aplica\u00e7\u00e3o das doses ampliado: agora, a primeira dose, indicada aos dois meses de idade, pode ser administrada at\u00e9 os 11 meses e 29 dias; enquanto a segunda dose, indicada aos quatro meses, poder\u00e1 ser aplicada at\u00e9 os 23 meses e 29 dias.<\/li>\n<li>\n<div id=\"chunk-4l877\">\n<div class=\"mc-column content-text active-extra-styles\" data-block-type=\"raw\" data-block-weight=\"3\" data-block-id=\"13\">\n<div class=\"content-intertitle\">\n<h2>Imuniza\u00e7\u00e3o contra covid-19<\/h2>\n<\/div>\n<\/div>\n<\/div>\n<div id=\"chunk-m72p\">\n<div class=\"mc-column content-text active-extra-styles \" data-block-type=\"unstyled\" data-block-weight=\"36\" data-block-id=\"14\">\n<p class=\" content-text__container \" data-track-category=\"Link no Texto\" data-track-links=\"\" data-mrf-recirculation=\"Mat\u00e9ria - Links no Texto\">A imuniza\u00e7\u00e3o contra a covid-19 faz parte do Calend\u00e1rio Nacional de Vacina\u00e7\u00e3o para crian\u00e7as a partir de seis meses a menores de 5 anos de idade, idosos (a partir de 60 anos de idade) e gestantes.<\/p>\n<\/div>\n<\/div>\n<div id=\"chunk-ci2a4\">\n<div class=\"mc-column content-text active-extra-styles \" data-block-type=\"unstyled\" data-block-weight=\"37\" data-block-id=\"15\">\n<p class=\" content-text__container \" data-track-category=\"Link no Texto\" data-track-links=\"\" data-mrf-recirculation=\"Mat\u00e9ria - Links no Texto\">A vacina\u00e7\u00e3o dos demais grupos especiais a partir de 5 anos de idade ser\u00e1 realizada periodicamente em qualquer sala de vacina, sendo a cada seis meses para imunocomprometidos e a cada ano para os demais grupos:<\/p>\n<\/div>\n<\/div>\n<div id=\"chunk-bl2ld\">\n<div class=\"mc-column content-text active-extra-styles\" data-block-type=\"raw\" data-block-weight=\"49\" data-block-id=\"16\">\n<ul class=\"content-unordered-list\">\n<li>pessoas vivendo em institui\u00e7\u00f5es de longa perman\u00eancia;<\/li>\n<li>ind\u00edgenas;<\/li>\n<li>ribeirinhos;<\/li>\n<li>quilombolas;<\/li>\n<li>pu\u00e9rperas (aquelas n\u00e3o vacinadas durante a gesta\u00e7\u00e3o);<\/li>\n<li>trabalhadores da sa\u00fade;<\/li>\n<li>pessoas com defici\u00eancia permanente;<\/li>\n<li>pessoas com comorbidades;<\/li>\n<li>pessoas privadas de liberdade;<\/li>\n<li>funcion\u00e1rios do sistema de priva\u00e7\u00e3o de liberdade;<\/li>\n<li>adolescentes e jovens cumprindo medidas socioeducativas;<\/li>\n<li>pessoas em situa\u00e7\u00e3o de rua.<\/li>\n<\/ul>\n<p>&nbsp;<\/p>\n<\/div>\n<\/div>\n<div id=\"chunk-an5ag\">\n<div class=\"mc-column content-text active-extra-styles \" data-block-type=\"unstyled\" data-block-weight=\"26\" data-block-id=\"17\">\n<p class=\" content-text__container \" data-track-category=\"Link no Texto\" data-track-links=\"\" data-mrf-recirculation=\"Mat\u00e9ria - Links no Texto\">Para a popula\u00e7\u00e3o geral entre 5 e 59 anos, e aqueles que nunca se vacinaram, a recomenda\u00e7\u00e3o \u00e9 de uma dose de vacina para a doen\u00e7a.<\/p>\n<\/div>\n<\/div>\n<\/li>\n<\/ul>\n<p>&nbsp;<\/p>\n<\/div>\n<\/div>\n<div id=\"chunk-7sl9q\">\n<div class=\"row medium-uncollapsed content-media content-photo\" data-block-type=\"backstage-photo\" data-block-id=\"11\">\n<div class=\" mc-column  content-media__container\">\n<div class=\"content-media-container glb-skeleton-box\"><\/div>\n<\/div>\n<\/div>\n<\/div>\n<\/div>\n<\/div>\n<\/div>\n","protected":false},"excerpt":{"rendered":"<p>Crian\u00e7as de seis meses a menores de 6 anos na Bahia v\u00e3o passar a contar com a vacina contra a gripe no calend\u00e1rio nacional. A vacina\u00e7\u00e3o contra influenza estar\u00e1 dispon\u00edvel em todas as salas de vacina do estado, assim como no restante do pa\u00eds, a partir da segunda quinzena de mar\u00e7o, n\u00e3o apenas em campanhas [&hellip;]<\/p>\n","protected":false},"author":1,"featured_media":13196,"comment_status":"open","ping_status":"closed","sticky":false,"template":"","format":"standard","meta":{"footnotes":""},"categories":[113],"tags":[],"class_list":["post-13194","post","type-post","status-publish","format-standard","has-post-thumbnail","hentry","category-vacinacao"],"_links":{"self":[{"href":"https:\/\/salvadoracontece.com.br\/index.php\/wp-json\/wp\/v2\/posts\/13194","targetHints":{"allow":["GET"]}}],"collection":[{"href":"https:\/\/salvadoracontece.com.br\/index.php\/wp-json\/wp\/v2\/posts"}],"about":[{"href":"https:\/\/salvadoracontece.com.br\/index.php\/wp-json\/wp\/v2\/types\/post"}],"author":[{"embeddable":true,"href":"https:\/\/salvadoracontece.com.br\/index.php\/wp-json\/wp\/v2\/users\/1"}],"replies":[{"embeddable":true,"href":"https:\/\/salvadoracontece.com.br\/index.php\/wp-json\/wp\/v2\/comments?post=13194"}],"version-history":[{"count":1,"href":"https:\/\/salvadoracontece.com.br\/index.php\/wp-json\/wp\/v2\/posts\/13194\/revisions"}],"predecessor-version":[{"id":13195,"href":"https:\/\/salvadoracontece.com.br\/index.php\/wp-json\/wp\/v2\/posts\/13194\/revisions\/13195"}],"wp:featuredmedia":[{"embeddable":true,"href":"https:\/\/salvadoracontece.com.br\/index.php\/wp-json\/wp\/v2\/media\/13196"}],"wp:attachment":[{"href":"https:\/\/salvadoracontece.com.br\/index.php\/wp-json\/wp\/v2\/media?parent=13194"}],"wp:term":[{"taxonomy":"category","embeddable":true,"href":"https:\/\/salvadoracontece.com.br\/index.php\/wp-json\/wp\/v2\/categories?post=13194"},{"taxonomy":"post_tag","embeddable":true,"href":"https:\/\/salvadoracontece.com.br\/index.php\/wp-json\/wp\/v2\/tags?post=13194"}],"curies":[{"name":"wp","href":"https:\/\/api.w.org\/{rel}","templated":true}]}}