{"id":13197,"date":"2025-03-13T12:36:19","date_gmt":"2025-03-13T15:36:19","guid":{"rendered":"https:\/\/salvadoracontece.com.br\/?p=13197"},"modified":"2025-03-13T12:36:19","modified_gmt":"2025-03-13T15:36:19","slug":"vazamento-de-agua-na-boca-do-rio-deixa-rua-pinto-de-aguiar-alagada","status":"publish","type":"post","link":"https:\/\/salvadoracontece.com.br\/index.php\/2025\/03\/13\/vazamento-de-agua-na-boca-do-rio-deixa-rua-pinto-de-aguiar-alagada\/","title":{"rendered":"Vazamento de \u00e1gua na Boca do Rio deixa Rua Pinto de Aguiar alagada"},"content":{"rendered":"<p>Um vazamento de \u00e1gua foi registrado na manh\u00e3 desta quinta-feira (13), no bairro da Boca do Rio. Segundo moradores, o escoamento come\u00e7ou ainda de madrugada e, ao amanhecer, a Rua Pinto de Aguiar j\u00e1 estava alagada.<\/p>\n<p>Ainda de acordo com moradores, nesta quarta-feira (12) faltou \u00e1gua no bairro. No in\u00edcio da noite \u201cuma lama come\u00e7ou a aparecer\u201d e, durante a madrugada, o vazamento come\u00e7ou.<\/p>\n<p>Moradores afirmam que esta n\u00e3o \u00e9 a primeira vez que um vazamento ocorre na regi\u00e3o. A Embasa \u00e9 apontada como a respons\u00e1vel pelo transtorno causado por uma obra na regi\u00e3o. A mesma obra que estaria deixando os moradores sem \u00e1gua. Em nota, a Embasa informou que j\u00e1 enviou a equipe ao local para verificar o que ocorreu na regi\u00e3o.<\/p>\n","protected":false},"excerpt":{"rendered":"<p>Um vazamento de \u00e1gua foi registrado na manh\u00e3 desta quinta-feira (13), no bairro da Boca do Rio. Segundo moradores, o escoamento come\u00e7ou ainda de madrugada e, ao amanhecer, a Rua Pinto de Aguiar j\u00e1 estava alagada. Ainda de acordo com moradores, nesta quarta-feira (12) faltou \u00e1gua no bairro. No in\u00edcio da noite \u201cuma lama come\u00e7ou [&hellip;]<\/p>\n","protected":false},"author":1,"featured_media":13199,"comment_status":"open","ping_status":"closed","sticky":false,"template":"","format":"standard","meta":{"footnotes":""},"categories":[86],"tags":[],"class_list":["post-13197","post","type-post","status-publish","format-standard","has-post-thumbnail","hentry","category-salvador"],"_links":{"self":[{"href":"https:\/\/salvadoracontece.com.br\/index.php\/wp-json\/wp\/v2\/posts\/13197","targetHints":{"allow":["GET"]}}],"collection":[{"href":"https:\/\/salvadoracontece.com.br\/index.php\/wp-json\/wp\/v2\/posts"}],"about":[{"href":"https:\/\/salvadoracontece.com.br\/index.php\/wp-json\/wp\/v2\/types\/post"}],"author":[{"embeddable":true,"href":"https:\/\/salvadoracontece.com.br\/index.php\/wp-json\/wp\/v2\/users\/1"}],"replies":[{"embeddable":true,"href":"https:\/\/salvadoracontece.com.br\/index.php\/wp-json\/wp\/v2\/comments?post=13197"}],"version-history":[{"count":1,"href":"https:\/\/salvadoracontece.com.br\/index.php\/wp-json\/wp\/v2\/posts\/13197\/revisions"}],"predecessor-version":[{"id":13198,"href":"https:\/\/salvadoracontece.com.br\/index.php\/wp-json\/wp\/v2\/posts\/13197\/revisions\/13198"}],"wp:featuredmedia":[{"embeddable":true,"href":"https:\/\/salvadoracontece.com.br\/index.php\/wp-json\/wp\/v2\/media\/13199"}],"wp:attachment":[{"href":"https:\/\/salvadoracontece.com.br\/index.php\/wp-json\/wp\/v2\/media?parent=13197"}],"wp:term":[{"taxonomy":"category","embeddable":true,"href":"https:\/\/salvadoracontece.com.br\/index.php\/wp-json\/wp\/v2\/categories?post=13197"},{"taxonomy":"post_tag","embeddable":true,"href":"https:\/\/salvadoracontece.com.br\/index.php\/wp-json\/wp\/v2\/tags?post=13197"}],"curies":[{"name":"wp","href":"https:\/\/api.w.org\/{rel}","templated":true}]}}