{"id":13382,"date":"2025-03-25T16:02:19","date_gmt":"2025-03-25T19:02:19","guid":{"rendered":"https:\/\/salvadoracontece.com.br\/?p=13382"},"modified":"2025-03-25T16:02:19","modified_gmt":"2025-03-25T19:02:19","slug":"premio-anuncia-indicados-a-melhores-do-teatro-na-bahia-veja-lista","status":"publish","type":"post","link":"https:\/\/salvadoracontece.com.br\/index.php\/2025\/03\/25\/premio-anuncia-indicados-a-melhores-do-teatro-na-bahia-veja-lista\/","title":{"rendered":"Pr\u00eamio anuncia indicados a melhores do teatro na Bahia; veja lista"},"content":{"rendered":"<p>Foram anunciados nesta ter\u00e7a-feira (25)\u00a0os espet\u00e1culos\u00a0indicados para a 30\u00aa edi\u00e7\u00e3o do Pr\u00eamio Bahia Aplaude. A premia\u00e7\u00e3o avaliou 52 montagens, entre pe\u00e7as de teatro e performances, da capital e do interior, e revelou a lista final das indica\u00e7\u00f5es \u00e0s categorias Espet\u00e1culo Adulto, Espet\u00e1culo Infantojuvenil, Dire\u00e7\u00e3o, Ator, Atriz, Texto, Revela\u00e7\u00e3o, Performance e Categoria Especial.<\/p>\n<div class=\"flex flex-col p-2 px-0 w-full font-normal text-[18px] leading-[30px] text-tw-theme-text-default\">\n<p id=\"paragrafo-iwh3wh5e4i\">As pe\u00e7as\u00a0Torto Arado,\u00a0Homem \u00e9 Homem e Candombl\u00e9 da Barroquinha receberam mais indica\u00e7\u00f5es. O musical Torto Arado, livremente adaptado do romance de Itamar Vieira Junior lidera, em seis categorias (veja a lista abaixo).<\/p>\n<\/div>\n<div class=\"flex flex-col p-2 px-0 w-full font-normal text-[18px] leading-[30px] text-tw-theme-text-default\">\n<p id=\"paragrafo-alg3cmvihj\">Para quem ainda n\u00e3o viu, os indicados nas categorias Adulto, Infantojuvenil e Performance far\u00e3o parte da Mostra Bahia Aplaude, que acontecer\u00e1 em espa\u00e7os culturais de Salvador em data anterior \u00e0 da cerim\u00f4nia de premia\u00e7\u00e3o, como mais uma oportunidade para o p\u00fablico conhecer os finalistas \u00e0 premia\u00e7\u00e3o.<\/p>\n<\/div>\n<div class=\"flex flex-col p-2 px-0 w-full font-normal text-[18px] leading-[30px] text-tw-theme-text-default\">\n<p id=\"paragrafo-w6w8vwa11k\">O 30\u00ba Pr\u00eamio Bahia Aplaude \u00e9 uma realiza\u00e7\u00e3o da Aplaude Produ\u00e7\u00f5es e Minist\u00e9rio da Cultura, sob a coordena\u00e7\u00e3o da Caderno 2 Produ\u00e7\u00f5es, com patroc\u00ednio da Braskem e do governo do Estado da Bahia, por meio do Programa Fazcultura, Secretaria de Cultura e Secretaria da Fazenda; e Cateno, por meio da Lei Federal de Incentivo \u00e0 Cultura (Lei Rouanet).<\/p>\n<div class=\"flex flex-col p-2 px-0 w-full font-normal text-[18px] leading-[30px] text-tw-theme-text-default\">\n<div class=\"flex flex-col p-2 px-0 w-full font-normal text-[18px] leading-[30px] text-tw-theme-text-default\">\n<p id=\"paragrafo-rbycyd5q3t\">&#8211; Espet\u00e1culo Adulto: Candombl\u00e9 da Barroquinha, Hoje \u00e9 dia de Rock, Homem \u00e9 homem,\u00a0Os dias lindos de Celina Bonsucesso, Torto Arado.<\/p>\n<\/div>\n<div class=\"flex flex-col p-2 px-0 w-full font-normal text-[18px] leading-[30px] text-tw-theme-text-default\">\n<p id=\"paragrafo-xmx0vghvmp\">&#8211; Espet\u00e1culo Infantojuvenil: Casa Barriga, Infinito, Meninas contam a Independ\u00eancia.<\/p>\n<\/div>\n<div class=\"flex flex-col p-2 px-0 w-full font-normal text-[18px] leading-[30px] text-tw-theme-text-default\">\n<p id=\"paragrafo-kr3m077dsc\">&#8211; Dire\u00e7\u00e3o: Caio Rodrigo e Pedro Benevides (Homem \u00e9 Homem), Daniel Marques (Hoje \u00e9 dia de Rock), El\u00edsio Lopes J\u00fanior (Torto Arado), M\u00e1rcio Meirelles (Sr. Oculto), Thiago Romero (Candombl\u00e9 da Barroquinha).<\/p>\n<\/div>\n<div class=\"flex flex-col p-2 px-0 w-full font-normal text-[18px] leading-[30px] text-tw-theme-text-default\">\n<p id=\"paragrafo-1in6bvb2ae\">&#8211; Ator: Diogo Lopes Filho (Torto Arado), Jo\u00e3o Vitor Sobral (Hoje \u00e9 dia de Rock), Leandro Santolli (Chame Gente), L\u00facio Tranchesi (Homem \u00e9 Homem), Mano Leone (Hoje \u00e9 dia de Rock).<\/p>\n<\/div>\n<div class=\"flex flex-col p-2 px-0 w-full font-normal text-[18px] leading-[30px] text-tw-theme-text-default\">\n<p id=\"paragrafo-j06pgyz9vf\">&#8211; Atriz: Ella Nascimento (Feleb\u00e9, feleb\u00e9! Meu amigo \u00e9 meu dinheiro), Larissa Luz (Torto Arado), K\u00e1tia Leal (Os dias lindos de Celina Bonsucesso), Sibele L\u00e9lis (Flor d\u2019\u00e1gua, mulher do rio), Vika Mennezes (Mukun\u00e3: do fio \u00e0 raiz).<\/p>\n<div class=\"flex flex-col p-2 px-0 w-full font-normal text-[18px] leading-[30px] text-tw-theme-text-default\">\n<p id=\"paragrafo-t16mgm55qr\">&#8211; Texto: Aldri Anuncia\u00e7\u00e3o, F\u00e1bio Esp\u00edrito Santo e El\u00edsio Lopes J\u00fanior (Torto Arado), Daniel Arcades (Candombl\u00e9 da Barroquinha), Gildon Oliveira (N\u00f3), M\u00f4nica Santana (Sr. Oculto), Paulo Henrique Alc\u00e2ntara (Os dias lindos de Celina Bonsucesso).<\/p>\n<\/div>\n<div class=\"flex flex-col p-2 px-0 w-full font-normal text-[18px] leading-[30px] text-tw-theme-text-default\">\n<p id=\"paragrafo-ocf5cgxrgw\">&#8211; Revela\u00e7\u00e3o: Caio Rodrigo e Pedro Benevides (cenografia de Homem \u00e9 Homem), Danilo Cairo e Leandro Santolli (texto de Chame Gente), Fil\u00eamon Cafezeiro e Liz Novais (composi\u00e7\u00e3o de Mukun\u00e3: do fio \u00e0 raiz), Maf\u00e1 Santos (sonoplastia de Bicho de duas patas), Rodrigo Queiroz (dire\u00e7\u00e3o de Casa Lamentos).<\/p>\n<\/div>\n<div class=\"flex flex-col p-2 px-0 w-full font-normal text-[18px] leading-[30px] text-tw-theme-text-default\">\n<p id=\"paragrafo-541se9os3z\">&#8211; Performance: Ex-passo, Noiva.<\/p>\n<\/div>\n<div class=\"flex flex-col p-2 px-0 w-full font-normal text-[18px] leading-[30px] text-tw-theme-text-default\">\n<p id=\"paragrafo-qa33njgk46\">&#8211; Categoria Especial: Guilherme Hunder (figurinos de Infinito e Monocontos), Jarbas Bittencourt (dire\u00e7\u00e3o musical e composi\u00e7\u00e3o de Torto Arado), Luciano Salvador Bahia (dire\u00e7\u00e3o musical e arranjos de O Mar de Caymmi), Sibele L\u00e9lis (composi\u00e7\u00e3o e trilha sonora de Flor d\u2019\u00e1gua, mulher do rio), Thiago Romero (dire\u00e7\u00e3o de arte de Candombl\u00e9 da Barroquinha)<\/p>\n<\/div>\n<div class=\"container-publicidade-single-bot w-full flex items-center justify-center overflow-hidden\">\n<div id=\"single_bot_piano\"><\/div>\n<\/div>\n<\/div>\n<\/div>\n<\/div>\n","protected":false},"excerpt":{"rendered":"<p>Foram anunciados nesta ter\u00e7a-feira (25)\u00a0os espet\u00e1culos\u00a0indicados para a 30\u00aa edi\u00e7\u00e3o do Pr\u00eamio Bahia Aplaude. A premia\u00e7\u00e3o avaliou 52 montagens, entre pe\u00e7as de teatro e performances, da capital e do interior, e revelou a lista final das indica\u00e7\u00f5es \u00e0s categorias Espet\u00e1culo Adulto, Espet\u00e1culo Infantojuvenil, Dire\u00e7\u00e3o, Ator, Atriz, Texto, Revela\u00e7\u00e3o, Performance e Categoria Especial. As pe\u00e7as\u00a0Torto Arado,\u00a0Homem [&hellip;]<\/p>\n","protected":false},"author":1,"featured_media":13384,"comment_status":"open","ping_status":"closed","sticky":false,"template":"","format":"standard","meta":{"footnotes":""},"categories":[90],"tags":[],"class_list":["post-13382","post","type-post","status-publish","format-standard","has-post-thumbnail","hentry","category-bahia"],"_links":{"self":[{"href":"https:\/\/salvadoracontece.com.br\/index.php\/wp-json\/wp\/v2\/posts\/13382","targetHints":{"allow":["GET"]}}],"collection":[{"href":"https:\/\/salvadoracontece.com.br\/index.php\/wp-json\/wp\/v2\/posts"}],"about":[{"href":"https:\/\/salvadoracontece.com.br\/index.php\/wp-json\/wp\/v2\/types\/post"}],"author":[{"embeddable":true,"href":"https:\/\/salvadoracontece.com.br\/index.php\/wp-json\/wp\/v2\/users\/1"}],"replies":[{"embeddable":true,"href":"https:\/\/salvadoracontece.com.br\/index.php\/wp-json\/wp\/v2\/comments?post=13382"}],"version-history":[{"count":1,"href":"https:\/\/salvadoracontece.com.br\/index.php\/wp-json\/wp\/v2\/posts\/13382\/revisions"}],"predecessor-version":[{"id":13383,"href":"https:\/\/salvadoracontece.com.br\/index.php\/wp-json\/wp\/v2\/posts\/13382\/revisions\/13383"}],"wp:featuredmedia":[{"embeddable":true,"href":"https:\/\/salvadoracontece.com.br\/index.php\/wp-json\/wp\/v2\/media\/13384"}],"wp:attachment":[{"href":"https:\/\/salvadoracontece.com.br\/index.php\/wp-json\/wp\/v2\/media?parent=13382"}],"wp:term":[{"taxonomy":"category","embeddable":true,"href":"https:\/\/salvadoracontece.com.br\/index.php\/wp-json\/wp\/v2\/categories?post=13382"},{"taxonomy":"post_tag","embeddable":true,"href":"https:\/\/salvadoracontece.com.br\/index.php\/wp-json\/wp\/v2\/tags?post=13382"}],"curies":[{"name":"wp","href":"https:\/\/api.w.org\/{rel}","templated":true}]}}