{"id":13609,"date":"2025-04-11T15:30:09","date_gmt":"2025-04-11T18:30:09","guid":{"rendered":"https:\/\/salvadoracontece.com.br\/?p=13609"},"modified":"2025-04-11T15:32:03","modified_gmt":"2025-04-11T18:32:03","slug":"rascunho-automatico-3","status":"publish","type":"post","link":"https:\/\/salvadoracontece.com.br\/index.php\/2025\/04\/11\/rascunho-automatico-3\/","title":{"rendered":"Terminal Rodovi\u00e1rio de Salvador ter\u00e1 esquema especial na Semana Santa"},"content":{"rendered":"<p>Com o feriado prolongado da Semana Santa e Dia de Tiradentes, a\u00a0 Ag\u00eancia Estadual de Regula\u00e7\u00e3o de Servi\u00e7os P\u00fablicos de Energia, Transportes e Comunica\u00e7\u00f5es da Bahia (Agerba)\u00a0 informa que a expectativa \u00e9 de grande movimento no Terminal Rodovi\u00e1rio de Salvador durante o feriado prolongado.<\/p>\n<p>A previs\u00e3o \u00e9 da abertura de 600 hor\u00e1rios extras e que 94.500 passageiros utilizem o terminal entre os dias 13 e 21 de abril para embarque e desembarque.<\/p>\n<p>O n\u00famero representa um crescimento de\u00a04,13<strong>%\u00a0<\/strong>em rela\u00e7\u00e3o ao mesmo per\u00edodo de 2024.<\/p>\n<p>A recomenda\u00e7\u00e3o aos passageiros \u00e9 que adquiram suas passagens com anteced\u00eancia e verifiquem a documenta\u00e7\u00e3o necess\u00e1ria.<\/p>\n","protected":false},"excerpt":{"rendered":"<p>Com o feriado prolongado da Semana Santa e Dia de Tiradentes, a\u00a0 Ag\u00eancia Estadual de Regula\u00e7\u00e3o de Servi\u00e7os P\u00fablicos de Energia, Transportes e Comunica\u00e7\u00f5es da Bahia (Agerba)\u00a0 informa que a expectativa \u00e9 de grande movimento no Terminal Rodovi\u00e1rio de Salvador durante o feriado prolongado. A previs\u00e3o \u00e9 da abertura de 600 hor\u00e1rios extras e que [&hellip;]<\/p>\n","protected":false},"author":1,"featured_media":13611,"comment_status":"open","ping_status":"closed","sticky":false,"template":"","format":"standard","meta":{"footnotes":""},"categories":[85],"tags":[],"class_list":["post-13609","post","type-post","status-publish","format-standard","has-post-thumbnail","hentry","category-noticias"],"_links":{"self":[{"href":"https:\/\/salvadoracontece.com.br\/index.php\/wp-json\/wp\/v2\/posts\/13609","targetHints":{"allow":["GET"]}}],"collection":[{"href":"https:\/\/salvadoracontece.com.br\/index.php\/wp-json\/wp\/v2\/posts"}],"about":[{"href":"https:\/\/salvadoracontece.com.br\/index.php\/wp-json\/wp\/v2\/types\/post"}],"author":[{"embeddable":true,"href":"https:\/\/salvadoracontece.com.br\/index.php\/wp-json\/wp\/v2\/users\/1"}],"replies":[{"embeddable":true,"href":"https:\/\/salvadoracontece.com.br\/index.php\/wp-json\/wp\/v2\/comments?post=13609"}],"version-history":[{"count":2,"href":"https:\/\/salvadoracontece.com.br\/index.php\/wp-json\/wp\/v2\/posts\/13609\/revisions"}],"predecessor-version":[{"id":13612,"href":"https:\/\/salvadoracontece.com.br\/index.php\/wp-json\/wp\/v2\/posts\/13609\/revisions\/13612"}],"wp:featuredmedia":[{"embeddable":true,"href":"https:\/\/salvadoracontece.com.br\/index.php\/wp-json\/wp\/v2\/media\/13611"}],"wp:attachment":[{"href":"https:\/\/salvadoracontece.com.br\/index.php\/wp-json\/wp\/v2\/media?parent=13609"}],"wp:term":[{"taxonomy":"category","embeddable":true,"href":"https:\/\/salvadoracontece.com.br\/index.php\/wp-json\/wp\/v2\/categories?post=13609"},{"taxonomy":"post_tag","embeddable":true,"href":"https:\/\/salvadoracontece.com.br\/index.php\/wp-json\/wp\/v2\/tags?post=13609"}],"curies":[{"name":"wp","href":"https:\/\/api.w.org\/{rel}","templated":true}]}}