{"id":13619,"date":"2025-04-14T08:13:11","date_gmt":"2025-04-14T11:13:11","guid":{"rendered":"https:\/\/salvadoracontece.com.br\/?p=13619"},"modified":"2025-04-14T08:13:12","modified_gmt":"2025-04-14T11:13:12","slug":"ex-funcionaria-denuncia-racismo-em-loja-de-shopping-nunca-imaginei-ser-chamada-de-macaquinha","status":"publish","type":"post","link":"https:\/\/salvadoracontece.com.br\/index.php\/2025\/04\/14\/ex-funcionaria-denuncia-racismo-em-loja-de-shopping-nunca-imaginei-ser-chamada-de-macaquinha\/","title":{"rendered":"Ex-funcion\u00e1ria denuncia racismo em loja de shopping: &#8216;Nunca imaginei ser chamada de macaquinha&#8217;"},"content":{"rendered":"<p>Quando assinou o contrato de vendedora tempor\u00e1ria na unidade do Salvador Shopping da loja Track &amp; Field, Talita Sena* n\u00e3o esperava viver um dos momentos mais traum\u00e1ticos de sua vida. Durante um treinamento de outras profissionais da loja, ela alega ter sido chamada de &#8216;macaquinha&#8217; por uma das gerentes da marca<\/p>\n<div class=\"flex flex-col w-full font-normal text-[18px] leading-[30px] text-tw-theme-text-default\">\n<p id=\"paragrafo-vpnn3hvrb9\">Ela estava ao lado de uma colega de trabalho, aguardando a chegada de clientes na frente da loja. Duas novas vendedoras estavam em processo de integra\u00e7\u00e3o ao quadro de funcion\u00e1rios e por isso a gerente estava apresentando a loja para as duas, no momento em que afirmou que Talita pareceria com um &#8220;macaquinho&#8221;.<\/p>\n<\/div>\n<div class=\"flex flex-col w-full font-normal text-[18px] leading-[30px] text-tw-theme-text-default\">\n<p id=\"paragrafo-hpogyn6pm5\">&#8220;Ela falou: &#8216;Gente, quando o cliente entrar procurando macaquinho ou macac\u00e3o, voc\u00eas n\u00e3o v\u00e3o encontrar no estoque dessa forma. Voc\u00eas v\u00e3o encontrar como jump longo ou curto. At\u00e9 porque macaquinho \u00e9 um bicho pequenininho e parece ela&#8217;, apontando para mim&#8221;, relembra. &#8220;Eu nunca imaginei que seria chamada de macaquinha&#8221;, expressou.<\/p>\n<\/div>\n<div class=\"flex flex-col w-full font-normal text-[18px] leading-[30px] text-tw-theme-text-default\">\n<p id=\"paragrafo-22f7vi7qhi\">O caso ocorreu no dia 4 de fevereiro deste ano, mas a ficha s\u00f3 caiu no dia seguinte. &#8220;Na hora, eu fiquei sem entender nada, porque o racismo faz isso: paralisa a gente. Eu s\u00f3 consegui falar &#8216;n\u00e3o entendi'&#8221;.<\/p>\n<\/div>\n<div class=\"flex flex-col w-full font-normal text-[18px] leading-[30px] text-tw-theme-text-default\">\n<p id=\"paragrafo-u6ubz16qag\">Talita* conta que chegou a confrontar a gerente e afirmar que n\u00e3o gostaria de ser ofendida novamente, enquanto gravava um \u00e1udio da situa\u00e7\u00e3o com o pr\u00f3prio celular. &#8220;Ela falou: &#8216;Se voc\u00ea quer levar por esse lado, tudo bem, mas n\u00e3o \u00e9 o que voc\u00ea est\u00e1 pensando, n\u00e3o foi racismo'&#8221;, diz a vendedora. &#8220;&#8216;Eu te chamei de macaquinha por conta do seu tamanho, porque voc\u00ea \u00e9 pequenininha'&#8221;, teria acrescentado a gerente.<\/p>\n<div class=\"flex flex-col w-full font-normal text-[18px] leading-[30px] text-tw-theme-text-default\">\n<p id=\"paragrafo-tpwet3zc63\">Dois dias depois, Talita* foi at\u00e9 a Delegacia Especializada de Combate ao Racismo e \u00e0 Intoler\u00e2ncia Religiosa (Decrin) prestar queixa sobre o ocorrido. A Pol\u00edcia Civil abriu um inqu\u00e9rito para apurar a den\u00fancia de inj\u00faria racial. As investiga\u00e7\u00f5es s\u00e3o conduzidas pelo Departamento de Prote\u00e7\u00e3o \u00e0 Mulher, Cidadania e Pessoas Vulner\u00e1veis (DPMCV). &#8220;A v\u00edtima, funcion\u00e1ria do local, relatou ter sido ofendida pela gerente da unidade durante uma conversa com novas funcion\u00e1rias, ao ser comparada de forma pejorativa. Oitivas e dilig\u00eancias est\u00e3o em andamento para esclarecer o fato, bem como responsabilizar os envolvidos&#8221;, informou por meio de nota.<\/p>\n<\/div>\n<div class=\"flex flex-col w-full font-normal text-[18px] leading-[30px] text-tw-theme-text-default\">\n<p id=\"paragrafo-qkbvbuwyzv\">O caso tamb\u00e9m foi denunciado por meio do canal de \u00e9tica da loja. Procurada, a Track&amp;Field afirmou que \u00e9 contra qualquer tipo de discrimina\u00e7\u00e3o e que uma sindic\u00e2ncia interna foi aberta para apurar o caso. &#8220;Todas as medidas cab\u00edveis foram tomadas, incluindo a oferta de apoio psicol\u00f3gico aos envolvidos&#8221;, declarou em nota\u00a0<i>(confira na \u00edntegra ao final da mat\u00e9ria)<\/i>.<\/p>\n<\/div>\n<div class=\"flex flex-col w-full font-normal text-[18px] leading-[30px] text-tw-theme-text-default\">\n<p id=\"paragrafo-19ad7dc60s\">Talita* confirma que recebeu o atendimento psicol\u00f3gico, mas disse ter sido orientada a firmar um acordo com a empresa para n\u00e3o prolongar a situa\u00e7\u00e3o. &#8220;Percebi que uma psic\u00f3loga que foi paga pela empresa para me acolher, n\u00e3o fez o seu papel, tentou me manipular&#8221;, diz.<\/p>\n<\/div>\n<div class=\"flex flex-col w-full font-normal text-[18px] leading-[30px] text-tw-theme-text-default\">\n<p id=\"paragrafo-h3im0hpras\">A vendedora foi contratada no final do ano para trabalhar por 45 dias. Uma renova\u00e7\u00e3o foi assinada poucos dias antes do fato denunciado, mas o novo contrato foi rescindido dois dias antes da data final, no fim de fevereiro. &#8220;At\u00e9 o \u00faltimo dia l\u00e1 foi muito sofrido continuar nessa empresa, lidando com isso, vendo que pessoas negras tinham um tratamento diferente&#8221;, lamenta.<\/p>\n<\/div>\n<div class=\"flex flex-col w-full font-normal text-[18px] leading-[30px] text-tw-theme-text-default\">\n<p id=\"paragrafo-nuwaa2rnc8\">Al\u00e9m da Pol\u00edcia Civil e do canal de den\u00fancias da pr\u00f3pria loja, Talita* procurou a Secretaria de Promo\u00e7\u00e3o da Igualdade Racial (Sepromi), que encaminhou o caso para a Defensoria P\u00fablica e Minist\u00e9rio P\u00fablico para ingressar com a a\u00e7\u00e3o criminal. &#8220;Eu vou fazer de tudo para que, no m\u00ednimo, ela entenda que n\u00e3o foi uma brincadeira, porque at\u00e9 hoje ela acha que foi uma besteira e que eu sou louca por estar denunciando ela&#8221;, declara.<\/p>\n<div class=\"flex flex-col w-full font-normal text-[18px] leading-[30px] text-tw-theme-text-default\">\n<p id=\"paragrafo-iwgfmk4j62\"><b>Leia na \u00edntegra o posicionamento da Track&amp;Field:<\/b><\/p>\n<\/div>\n<div class=\"flex flex-col w-full font-normal text-[18px] leading-[30px] text-tw-theme-text-default\">\n<p id=\"paragrafo-hroq413y4w\">&#8220;Como uma marca que busca promover o bem-estar das pessoas, a Track&amp;Field \u00e9 veementemente contra qualquer tipo de discrimina\u00e7\u00e3o e informa que abriu uma sindic\u00e2ncia interna para apurar o caso t\u00e3o logo tomou conhecimento.<\/p>\n<\/div>\n<div class=\"flex flex-col w-full font-normal text-[18px] leading-[30px] text-tw-theme-text-default\">\n<p id=\"paragrafo-qigzhl4asd\">Todas as medidas cab\u00edveis foram tomadas, incluindo a oferta de apoio psicol\u00f3gico aos envolvidos.<\/p>\n<\/div>\n<div class=\"flex flex-col w-full font-normal text-[18px] leading-[30px] text-tw-theme-text-default\">\n<p id=\"paragrafo-pg87l3mh2w\">Refor\u00e7amos ainda que existe um canal interno an\u00f4nimo para recebermos den\u00fancias, reclama\u00e7\u00f5es e sugest\u00f5es a fim de manter um ambiente seguro e saud\u00e1vel para todos que frequentam nossas lojas e realizamos treinamentos cont\u00ednuos para nossos funcion\u00e1rios sobre diversidade, inclus\u00e3o e preven\u00e7\u00e3o de ass\u00e9dio e viol\u00eancias no trabalho.&#8221;<\/p>\n<\/div>\n<div class=\"flex flex-col w-full font-normal text-[18px] leading-[30px] text-tw-theme-text-default\">\n<p id=\"paragrafo-q4d66wow86\">* Nome fict\u00edcio para proteger a identidade e seguran\u00e7a da v\u00edtima.<\/p>\n<\/div>\n<\/div>\n<\/div>\n","protected":false},"excerpt":{"rendered":"<p>Quando assinou o contrato de vendedora tempor\u00e1ria na unidade do Salvador Shopping da loja Track &amp; Field, Talita Sena* n\u00e3o esperava viver um dos momentos mais traum\u00e1ticos de sua vida. Durante um treinamento de outras profissionais da loja, ela alega ter sido chamada de &#8216;macaquinha&#8217; por uma das gerentes da marca Ela estava ao lado [&hellip;]<\/p>\n","protected":false},"author":1,"featured_media":13621,"comment_status":"open","ping_status":"closed","sticky":false,"template":"","format":"standard","meta":{"footnotes":""},"categories":[140],"tags":[],"class_list":["post-13619","post","type-post","status-publish","format-standard","has-post-thumbnail","hentry","category-racismo"],"_links":{"self":[{"href":"https:\/\/salvadoracontece.com.br\/index.php\/wp-json\/wp\/v2\/posts\/13619","targetHints":{"allow":["GET"]}}],"collection":[{"href":"https:\/\/salvadoracontece.com.br\/index.php\/wp-json\/wp\/v2\/posts"}],"about":[{"href":"https:\/\/salvadoracontece.com.br\/index.php\/wp-json\/wp\/v2\/types\/post"}],"author":[{"embeddable":true,"href":"https:\/\/salvadoracontece.com.br\/index.php\/wp-json\/wp\/v2\/users\/1"}],"replies":[{"embeddable":true,"href":"https:\/\/salvadoracontece.com.br\/index.php\/wp-json\/wp\/v2\/comments?post=13619"}],"version-history":[{"count":1,"href":"https:\/\/salvadoracontece.com.br\/index.php\/wp-json\/wp\/v2\/posts\/13619\/revisions"}],"predecessor-version":[{"id":13620,"href":"https:\/\/salvadoracontece.com.br\/index.php\/wp-json\/wp\/v2\/posts\/13619\/revisions\/13620"}],"wp:featuredmedia":[{"embeddable":true,"href":"https:\/\/salvadoracontece.com.br\/index.php\/wp-json\/wp\/v2\/media\/13621"}],"wp:attachment":[{"href":"https:\/\/salvadoracontece.com.br\/index.php\/wp-json\/wp\/v2\/media?parent=13619"}],"wp:term":[{"taxonomy":"category","embeddable":true,"href":"https:\/\/salvadoracontece.com.br\/index.php\/wp-json\/wp\/v2\/categories?post=13619"},{"taxonomy":"post_tag","embeddable":true,"href":"https:\/\/salvadoracontece.com.br\/index.php\/wp-json\/wp\/v2\/tags?post=13619"}],"curies":[{"name":"wp","href":"https:\/\/api.w.org\/{rel}","templated":true}]}}