{"id":13625,"date":"2025-04-14T16:21:08","date_gmt":"2025-04-14T19:21:08","guid":{"rendered":"https:\/\/salvadoracontece.com.br\/?p=13625"},"modified":"2025-04-14T16:21:09","modified_gmt":"2025-04-14T19:21:09","slug":"confira-funcionamento-de-equipamentos-publicos-no-feriado-prolongado-de-abril","status":"publish","type":"post","link":"https:\/\/salvadoracontece.com.br\/index.php\/2025\/04\/14\/confira-funcionamento-de-equipamentos-publicos-no-feriado-prolongado-de-abril\/","title":{"rendered":"Confira funcionamento de equipamentos p\u00fablicos no feriado prolongado de abril"},"content":{"rendered":"<p class=\"\" data-start=\"278\" data-end=\"550\">O Centro Gemol\u00f3gico da Bahia (CGB) e o Museu Geol\u00f3gico da Bahia (MGB), \u00f3rg\u00e3os administrados pela Secretaria de Desenvolvimento Econ\u00f4mico (SDE), estar\u00e3o fechados entre os dias 18 e 21 de abril de 2025. Os estabelecimentos retomam o funcionamento normal na ter\u00e7a-feira (22).<\/p>\n<p class=\"\" data-start=\"552\" data-end=\"945\">A Central de Abastecimento de Salvador (Ceasa) e o Mercado do Ogunj\u00e1 estar\u00e3o fechados na Sexta-feira Santa (18). J\u00e1 os mercados de Paripe, Sete Portas e Rio Vermelho ter\u00e3o hor\u00e1rio de fechamento antecipado. Paripe e Sete Portas abrir\u00e3o \u00e0s 6h e fechar\u00e3o \u00e0s 14h e 13h, respectivamente. O Mercado do Rio Vermelho abrir\u00e1 \u00e0s 7h, com fechamento \u00e0s 14h, tanto nos boxes quanto na pra\u00e7a de alimenta\u00e7\u00e3o.<\/p>\n<p class=\"\" data-start=\"947\" data-end=\"1285\">Na segunda-feira (21), a Ceasa funcionar\u00e1 normalmente, das 4h \u00e0s 17h, enquanto os mercados ter\u00e3o encerramento antecipado. Ogunj\u00e1, Paripe e Sete Portas abrem \u00e0s 6h e encerram \u00e0s 14h, com exce\u00e7\u00e3o de Sete Portas, que fecha \u00e0s 13h. O Mercado do Rio Vermelho manter\u00e1 o mesmo hor\u00e1rio do dia 18: das 7h \u00e0s 14h, para boxes e pra\u00e7a de alimenta\u00e7\u00e3o.<\/p>\n<h3 class=\"\" data-start=\"1292\" data-end=\"1326\"><strong data-start=\"1296\" data-end=\"1326\">Hor\u00e1rios de funcionamento:<\/strong><\/h3>\n<p class=\"\" data-start=\"1328\" data-end=\"1339\"><strong data-start=\"1328\" data-end=\"1337\">Ceasa<\/strong><\/p>\n<ul data-start=\"1340\" data-end=\"1379\">\n<li class=\"\" data-start=\"1340\" data-end=\"1358\">\n<p class=\"\" data-start=\"1342\" data-end=\"1358\">18\/04: Fechado<\/p>\n<\/li>\n<li class=\"\" data-start=\"1359\" data-end=\"1379\">\n<p class=\"\" data-start=\"1361\" data-end=\"1379\">21\/04: 4h \u00e0s 17h<\/p>\n<\/li>\n<\/ul>\n<p class=\"\" data-start=\"1381\" data-end=\"1404\"><strong data-start=\"1381\" data-end=\"1402\">Mercado do Ogunj\u00e1<\/strong><\/p>\n<ul data-start=\"1405\" data-end=\"1444\">\n<li class=\"\" data-start=\"1405\" data-end=\"1423\">\n<p class=\"\" data-start=\"1407\" data-end=\"1423\">18\/04: Fechado<\/p>\n<\/li>\n<li class=\"\" data-start=\"1424\" data-end=\"1444\">\n<p class=\"\" data-start=\"1426\" data-end=\"1444\">21\/04: 6h \u00e0s 14h<\/p>\n<\/li>\n<\/ul>\n<p class=\"\" data-start=\"1446\" data-end=\"1469\"><strong data-start=\"1446\" data-end=\"1467\">Mercado de Paripe<\/strong><\/p>\n<ul data-start=\"1470\" data-end=\"1511\">\n<li class=\"\" data-start=\"1470\" data-end=\"1490\">\n<p class=\"\" data-start=\"1472\" data-end=\"1490\">18\/04: 6h \u00e0s 14h<\/p>\n<\/li>\n<li class=\"\" data-start=\"1491\" data-end=\"1511\">\n<p class=\"\" data-start=\"1493\" data-end=\"1511\">21\/04: 6h \u00e0s 14h<\/p>\n<\/li>\n<\/ul>\n<p class=\"\" data-start=\"1513\" data-end=\"1530\"><strong data-start=\"1513\" data-end=\"1528\">Sete Portas<\/strong><\/p>\n<ul data-start=\"1531\" data-end=\"1572\">\n<li class=\"\" data-start=\"1531\" data-end=\"1551\">\n<p class=\"\" data-start=\"1533\" data-end=\"1551\">18\/04: 6h \u00e0s 13h<\/p>\n<\/li>\n<li class=\"\" data-start=\"1552\" data-end=\"1572\">\n<p class=\"\" data-start=\"1554\" data-end=\"1572\">21\/04: 6h \u00e0s 13h<\/p>\n<\/li>\n<\/ul>\n<p class=\"\" data-start=\"1574\" data-end=\"1634\"><strong data-start=\"1574\" data-end=\"1601\">Mercado do Rio Vermelho<\/strong>\u00a0(boxes e pra\u00e7a de alimenta\u00e7\u00e3o)<\/p>\n<ul data-start=\"1635\" data-end=\"1676\">\n<li class=\"\" data-start=\"1635\" data-end=\"1655\">\n<p class=\"\" data-start=\"1637\" data-end=\"1655\">18\/04: 7h \u00e0s 14h<\/p>\n<\/li>\n<li class=\"\" data-start=\"1656\" data-end=\"1676\">\n<p class=\"\" data-start=\"1658\" data-end=\"1676\">21\/04: 7h \u00e0s 14h<\/p>\n<\/li>\n<\/ul>\n","protected":false},"excerpt":{"rendered":"<p>O Centro Gemol\u00f3gico da Bahia (CGB) e o Museu Geol\u00f3gico da Bahia (MGB), \u00f3rg\u00e3os administrados pela Secretaria de Desenvolvimento Econ\u00f4mico (SDE), estar\u00e3o fechados entre os dias 18 e 21 de abril de 2025. Os estabelecimentos retomam o funcionamento normal na ter\u00e7a-feira (22). A Central de Abastecimento de Salvador (Ceasa) e o Mercado do Ogunj\u00e1 estar\u00e3o [&hellip;]<\/p>\n","protected":false},"author":1,"featured_media":13627,"comment_status":"open","ping_status":"closed","sticky":false,"template":"","format":"standard","meta":{"footnotes":""},"categories":[141],"tags":[],"class_list":["post-13625","post","type-post","status-publish","format-standard","has-post-thumbnail","hentry","category-feriado-prolongado"],"_links":{"self":[{"href":"https:\/\/salvadoracontece.com.br\/index.php\/wp-json\/wp\/v2\/posts\/13625","targetHints":{"allow":["GET"]}}],"collection":[{"href":"https:\/\/salvadoracontece.com.br\/index.php\/wp-json\/wp\/v2\/posts"}],"about":[{"href":"https:\/\/salvadoracontece.com.br\/index.php\/wp-json\/wp\/v2\/types\/post"}],"author":[{"embeddable":true,"href":"https:\/\/salvadoracontece.com.br\/index.php\/wp-json\/wp\/v2\/users\/1"}],"replies":[{"embeddable":true,"href":"https:\/\/salvadoracontece.com.br\/index.php\/wp-json\/wp\/v2\/comments?post=13625"}],"version-history":[{"count":1,"href":"https:\/\/salvadoracontece.com.br\/index.php\/wp-json\/wp\/v2\/posts\/13625\/revisions"}],"predecessor-version":[{"id":13626,"href":"https:\/\/salvadoracontece.com.br\/index.php\/wp-json\/wp\/v2\/posts\/13625\/revisions\/13626"}],"wp:featuredmedia":[{"embeddable":true,"href":"https:\/\/salvadoracontece.com.br\/index.php\/wp-json\/wp\/v2\/media\/13627"}],"wp:attachment":[{"href":"https:\/\/salvadoracontece.com.br\/index.php\/wp-json\/wp\/v2\/media?parent=13625"}],"wp:term":[{"taxonomy":"category","embeddable":true,"href":"https:\/\/salvadoracontece.com.br\/index.php\/wp-json\/wp\/v2\/categories?post=13625"},{"taxonomy":"post_tag","embeddable":true,"href":"https:\/\/salvadoracontece.com.br\/index.php\/wp-json\/wp\/v2\/tags?post=13625"}],"curies":[{"name":"wp","href":"https:\/\/api.w.org\/{rel}","templated":true}]}}