{"id":13628,"date":"2025-04-14T17:18:51","date_gmt":"2025-04-14T20:18:51","guid":{"rendered":"https:\/\/salvadoracontece.com.br\/?p=13628"},"modified":"2025-04-14T17:18:51","modified_gmt":"2025-04-14T20:18:51","slug":"sacs-ampliam-horario-para-emissao-da-nova-carteira-de-identidade-nacional","status":"publish","type":"post","link":"https:\/\/salvadoracontece.com.br\/index.php\/2025\/04\/14\/sacs-ampliam-horario-para-emissao-da-nova-carteira-de-identidade-nacional\/","title":{"rendered":"SACs ampliam hor\u00e1rio para emiss\u00e3o da nova Carteira de Identidade Nacional"},"content":{"rendered":"<p class=\"\" data-start=\"319\" data-end=\"815\">O SAC Bela Vista e o SAC Salvador Shopping ampliaram o hor\u00e1rio de atendimento diante da grande procura da popula\u00e7\u00e3o pela nova Carteira de Identidade Nacional (CIN). A nova jornada passa a valer no SAC Bela Vista a partir desta segunda-feira (14), e no SAC Salvador Shopping a partir de ter\u00e7a-feira (22), ap\u00f3s o feriad\u00e3o. Ambos os postos passam a funcionar das 7h30 \u00e0s 21h. Com a expans\u00e3o do hor\u00e1rio, eles se juntam aos postos SAC Barra e Shopping da Bahia, que j\u00e1 adotam o expediente estendido.<\/p>\n<p class=\"\" data-start=\"817\" data-end=\"1211\">Em todos esses postos, de segunda a sexta-feira, o funcionamento se organiza da seguinte maneira: das 7h30 \u00e0s 9h (atendimento exclusivo para a CIN); das 9h \u00e0s 18h (todos os servi\u00e7os do posto); e das 18h \u00e0s 21h (atendimento exclusivo para a CIN). Aos s\u00e1bados, o atendimento ocorre das 8h \u00e0s 9h (exclusivo para a CIN); das 9h \u00e0s 13h (todos os servi\u00e7os); e das 13h \u00e0s 16h (exclusivo para a CIN).<\/p>\n<p class=\"\" data-start=\"1213\" data-end=\"1464\">\u00c9 importante ressaltar que o atendimento para a CIN \u00e9 realizado exclusivamente por meio de agendamento pr\u00e9vio, que pode ser feito pelo aplicativo ou portal\u00a0www.ba.gov.br, ou ainda pelos n\u00fameros (71) 4020-5353 e 0800 071 5353.<\/p>\n<p class=\"\" data-start=\"1466\" data-end=\"1816\">A primeira via da Carteira de Identidade Nacional \u00e9 gratuita e ter\u00e1 o Cadastro de Pessoa F\u00edsica (CPF) como n\u00famero \u00fanico de identifica\u00e7\u00e3o. Para emitir o documento, \u00e9 necess\u00e1rio apresentar a certid\u00e3o de nascimento ou de estado civil (original). Caso a certid\u00e3o original esteja plastificada, \u00e9 preciso levar tamb\u00e9m uma c\u00f3pia simples.<\/p>\n<p class=\"\" data-start=\"1818\" data-end=\"2176\">A CIN permite incluir outros n\u00fameros de documentos, como CNH, carteira de trabalho, t\u00edtulo de eleitor e certificado militar. Al\u00e9m disso, \u00e9 poss\u00edvel adicionar informa\u00e7\u00f5es sobre condi\u00e7\u00f5es de sa\u00fade, como Transtorno do Espectro Autista (TEA) e defici\u00eancias auditiva, visual, f\u00edsica e intelectual, bem como tipo sangu\u00edneo, fator RH e op\u00e7\u00e3o por doa\u00e7\u00e3o de \u00f3rg\u00e3os.<\/p>\n<p class=\"\" data-start=\"2178\" data-end=\"2354\">Outra novidade \u00e9 a possibilidade de inclus\u00e3o do nome social, a pedido do pr\u00f3prio cidad\u00e3o. Em caso de mudan\u00e7a de nome na certid\u00e3o de nascimento, o novo registro ser\u00e1 o v\u00e1lido.<\/p>\n<p class=\"\" data-start=\"2356\" data-end=\"2560\">A CIN tamb\u00e9m conta com uma vers\u00e3o digital, dispon\u00edvel no aplicativo GOV.BR tr\u00eas dias ap\u00f3s a emiss\u00e3o impressa. O documento traz ainda um QR Code para verifica\u00e7\u00e3o de autenticidade e confer\u00eancia dos dados.<\/p>\n<p class=\"\" data-start=\"2562\" data-end=\"2612\">A validade da CIN varia conforme a faixa et\u00e1ria:<\/p>\n<ul data-start=\"2613\" data-end=\"2764\">\n<li class=\"\" data-start=\"2613\" data-end=\"2664\">\n<p class=\"\" data-start=\"2615\" data-end=\"2664\">De 0 a 12 anos incompletos: validade de 5 anos;<\/p>\n<\/li>\n<li class=\"\" data-start=\"2665\" data-end=\"2718\">\n<p class=\"\" data-start=\"2667\" data-end=\"2718\">De 12 a 60 anos incompletos: validade de 10 anos;<\/p>\n<\/li>\n<li class=\"\" data-start=\"2719\" data-end=\"2764\">\n<p class=\"\" data-start=\"2721\" data-end=\"2764\">Acima de 60 anos: validade indeterminada.<\/p>\n<\/li>\n<\/ul>\n<p class=\"\" data-start=\"2766\" data-end=\"3152\">Para mais informa\u00e7\u00f5es, a Secretaria da Administra\u00e7\u00e3o (Saeb) disponibiliza os sites\u00a0www.ba.gov.br\/administracao\u00a0e\u00a0www.sac.ba.gov.br. A implanta\u00e7\u00e3o da CIN na Bahia \u00e9 conduzida pelo Departamento de Pol\u00edcia T\u00e9cnica (DPT), \u00f3rg\u00e3o vinculado \u00e0 Secretaria de Seguran\u00e7a P\u00fablica (SSP), em parceria com a Saeb, por meio da rede SAC.<\/p>\n","protected":false},"excerpt":{"rendered":"<p>O SAC Bela Vista e o SAC Salvador Shopping ampliaram o hor\u00e1rio de atendimento diante da grande procura da popula\u00e7\u00e3o pela nova Carteira de Identidade Nacional (CIN). A nova jornada passa a valer no SAC Bela Vista a partir desta segunda-feira (14), e no SAC Salvador Shopping a partir de ter\u00e7a-feira (22), ap\u00f3s o feriad\u00e3o. [&hellip;]<\/p>\n","protected":false},"author":1,"featured_media":13630,"comment_status":"open","ping_status":"closed","sticky":false,"template":"","format":"standard","meta":{"footnotes":""},"categories":[142],"tags":[],"class_list":["post-13628","post","type-post","status-publish","format-standard","has-post-thumbnail","hentry","category-sac"],"_links":{"self":[{"href":"https:\/\/salvadoracontece.com.br\/index.php\/wp-json\/wp\/v2\/posts\/13628","targetHints":{"allow":["GET"]}}],"collection":[{"href":"https:\/\/salvadoracontece.com.br\/index.php\/wp-json\/wp\/v2\/posts"}],"about":[{"href":"https:\/\/salvadoracontece.com.br\/index.php\/wp-json\/wp\/v2\/types\/post"}],"author":[{"embeddable":true,"href":"https:\/\/salvadoracontece.com.br\/index.php\/wp-json\/wp\/v2\/users\/1"}],"replies":[{"embeddable":true,"href":"https:\/\/salvadoracontece.com.br\/index.php\/wp-json\/wp\/v2\/comments?post=13628"}],"version-history":[{"count":1,"href":"https:\/\/salvadoracontece.com.br\/index.php\/wp-json\/wp\/v2\/posts\/13628\/revisions"}],"predecessor-version":[{"id":13629,"href":"https:\/\/salvadoracontece.com.br\/index.php\/wp-json\/wp\/v2\/posts\/13628\/revisions\/13629"}],"wp:featuredmedia":[{"embeddable":true,"href":"https:\/\/salvadoracontece.com.br\/index.php\/wp-json\/wp\/v2\/media\/13630"}],"wp:attachment":[{"href":"https:\/\/salvadoracontece.com.br\/index.php\/wp-json\/wp\/v2\/media?parent=13628"}],"wp:term":[{"taxonomy":"category","embeddable":true,"href":"https:\/\/salvadoracontece.com.br\/index.php\/wp-json\/wp\/v2\/categories?post=13628"},{"taxonomy":"post_tag","embeddable":true,"href":"https:\/\/salvadoracontece.com.br\/index.php\/wp-json\/wp\/v2\/tags?post=13628"}],"curies":[{"name":"wp","href":"https:\/\/api.w.org\/{rel}","templated":true}]}}