{"id":13644,"date":"2025-04-15T14:22:16","date_gmt":"2025-04-15T17:22:16","guid":{"rendered":"https:\/\/salvadoracontece.com.br\/?p=13644"},"modified":"2025-04-15T14:22:17","modified_gmt":"2025-04-15T17:22:17","slug":"metro-de-salvador-vai-operar-normalmente-durante-os-feriados-da-sexta-feira-santa-e-tiradentes","status":"publish","type":"post","link":"https:\/\/salvadoracontece.com.br\/index.php\/2025\/04\/15\/metro-de-salvador-vai-operar-normalmente-durante-os-feriados-da-sexta-feira-santa-e-tiradentes\/","title":{"rendered":"Metr\u00f4 de Salvador vai operar normalmente durante os feriados da Sexta-Feira Santa e Tiradentes"},"content":{"rendered":"<p>A CCR Metr\u00f4 Bahia informa que o Sistema Metrovi\u00e1rio de Salvador e Lauro de Freitas operar\u00e1 em hor\u00e1rio normal, das 5h \u00e0 0h, na pr\u00f3xima sexta-feira (18), feriado da Sexta-Feira da Paix\u00e3o, e na segunda-feira (21), feriado de Tiradentes.<\/p>\n<p>Visando garantir a seguran\u00e7a, o conforto e o bem-estar de seus clientes, a concession\u00e1ria refor\u00e7a as orienta\u00e7\u00f5es do Embarque Consciente: aguardar sempre o desembarque do trem antes de embarcar, deixar os assentos preferenciais para quem precisa, bem como os elevadores, e descer a escada sempre usando corrim\u00e3o.<\/p>\n","protected":false},"excerpt":{"rendered":"<p>A CCR Metr\u00f4 Bahia informa que o Sistema Metrovi\u00e1rio de Salvador e Lauro de Freitas operar\u00e1 em hor\u00e1rio normal, das 5h \u00e0 0h, na pr\u00f3xima sexta-feira (18), feriado da Sexta-Feira da Paix\u00e3o, e na segunda-feira (21), feriado de Tiradentes. Visando garantir a seguran\u00e7a, o conforto e o bem-estar de seus clientes, a concession\u00e1ria refor\u00e7a as [&hellip;]<\/p>\n","protected":false},"author":1,"featured_media":13646,"comment_status":"open","ping_status":"closed","sticky":false,"template":"","format":"standard","meta":{"footnotes":""},"categories":[144],"tags":[],"class_list":["post-13644","post","type-post","status-publish","format-standard","has-post-thumbnail","hentry","category-metro"],"_links":{"self":[{"href":"https:\/\/salvadoracontece.com.br\/index.php\/wp-json\/wp\/v2\/posts\/13644","targetHints":{"allow":["GET"]}}],"collection":[{"href":"https:\/\/salvadoracontece.com.br\/index.php\/wp-json\/wp\/v2\/posts"}],"about":[{"href":"https:\/\/salvadoracontece.com.br\/index.php\/wp-json\/wp\/v2\/types\/post"}],"author":[{"embeddable":true,"href":"https:\/\/salvadoracontece.com.br\/index.php\/wp-json\/wp\/v2\/users\/1"}],"replies":[{"embeddable":true,"href":"https:\/\/salvadoracontece.com.br\/index.php\/wp-json\/wp\/v2\/comments?post=13644"}],"version-history":[{"count":1,"href":"https:\/\/salvadoracontece.com.br\/index.php\/wp-json\/wp\/v2\/posts\/13644\/revisions"}],"predecessor-version":[{"id":13645,"href":"https:\/\/salvadoracontece.com.br\/index.php\/wp-json\/wp\/v2\/posts\/13644\/revisions\/13645"}],"wp:featuredmedia":[{"embeddable":true,"href":"https:\/\/salvadoracontece.com.br\/index.php\/wp-json\/wp\/v2\/media\/13646"}],"wp:attachment":[{"href":"https:\/\/salvadoracontece.com.br\/index.php\/wp-json\/wp\/v2\/media?parent=13644"}],"wp:term":[{"taxonomy":"category","embeddable":true,"href":"https:\/\/salvadoracontece.com.br\/index.php\/wp-json\/wp\/v2\/categories?post=13644"},{"taxonomy":"post_tag","embeddable":true,"href":"https:\/\/salvadoracontece.com.br\/index.php\/wp-json\/wp\/v2\/tags?post=13644"}],"curies":[{"name":"wp","href":"https:\/\/api.w.org\/{rel}","templated":true}]}}