{"id":13691,"date":"2025-04-21T11:34:53","date_gmt":"2025-04-21T14:34:53","guid":{"rendered":"https:\/\/salvadoracontece.com.br\/?p=13691"},"modified":"2025-04-21T11:34:53","modified_gmt":"2025-04-21T14:34:53","slug":"cdl-jovem-nacional-se-reune-em-salvador-para-discutir-acoes-para-2025","status":"publish","type":"post","link":"https:\/\/salvadoracontece.com.br\/index.php\/2025\/04\/21\/cdl-jovem-nacional-se-reune-em-salvador-para-discutir-acoes-para-2025\/","title":{"rendered":"CDL Jovem Nacional se re\u00fane em Salvador para discutir a\u00e7\u00f5es para 2025"},"content":{"rendered":"<p>Salvador recebeu a 2\u00aa Reuni\u00e3o da Coordena\u00e7\u00e3o Nacional da CDL Jovem. O encontro aconteceu na sede da CDL Salvador, na Avenida Carlos Gomes, e abordou atualiza\u00e7\u00f5es estrat\u00e9gicas sobre Representatividade e Influ\u00eancia Governamental (RIG), planejamento do Dia Livre de Impostos (DLI) 2025 e iniciativas para impulsionar a expans\u00e3o do movimento.<\/p>\n<p>\u201cFoi um momento produtivo para o nosso grupo, que busca modernizar e trazer inova\u00e7\u00f5es para o com\u00e9rcio da Bahia e de outros Estados, capacitando e conectando jovens l\u00edderes cheios de energia e vontade de elevar ainda mais o setor\u201d, afirmou Bruno Thomaz, presidente da CDL Jovem de Salvador.<\/p>\n<p>De acordo com os organizadores, o objetivo foi proporcionar uma experi\u00eancia imersiva, ampliando a vis\u00e3o dos participantes sobre inova\u00e7\u00e3o, m\u00eddia e neg\u00f3cios. A programa\u00e7\u00e3o incluiu ainda uma visita t\u00e9cnica \u00e0 Rede Bahia, um dos principais grupos de comunica\u00e7\u00e3o do Estado.<\/p>\n","protected":false},"excerpt":{"rendered":"<p>Salvador recebeu a 2\u00aa Reuni\u00e3o da Coordena\u00e7\u00e3o Nacional da CDL Jovem. O encontro aconteceu na sede da CDL Salvador, na Avenida Carlos Gomes, e abordou atualiza\u00e7\u00f5es estrat\u00e9gicas sobre Representatividade e Influ\u00eancia Governamental (RIG), planejamento do Dia Livre de Impostos (DLI) 2025 e iniciativas para impulsionar a expans\u00e3o do movimento. \u201cFoi um momento produtivo para o [&hellip;]<\/p>\n","protected":false},"author":1,"featured_media":13693,"comment_status":"open","ping_status":"closed","sticky":false,"template":"","format":"standard","meta":{"footnotes":""},"categories":[85],"tags":[],"class_list":["post-13691","post","type-post","status-publish","format-standard","has-post-thumbnail","hentry","category-noticias"],"_links":{"self":[{"href":"https:\/\/salvadoracontece.com.br\/index.php\/wp-json\/wp\/v2\/posts\/13691","targetHints":{"allow":["GET"]}}],"collection":[{"href":"https:\/\/salvadoracontece.com.br\/index.php\/wp-json\/wp\/v2\/posts"}],"about":[{"href":"https:\/\/salvadoracontece.com.br\/index.php\/wp-json\/wp\/v2\/types\/post"}],"author":[{"embeddable":true,"href":"https:\/\/salvadoracontece.com.br\/index.php\/wp-json\/wp\/v2\/users\/1"}],"replies":[{"embeddable":true,"href":"https:\/\/salvadoracontece.com.br\/index.php\/wp-json\/wp\/v2\/comments?post=13691"}],"version-history":[{"count":1,"href":"https:\/\/salvadoracontece.com.br\/index.php\/wp-json\/wp\/v2\/posts\/13691\/revisions"}],"predecessor-version":[{"id":13692,"href":"https:\/\/salvadoracontece.com.br\/index.php\/wp-json\/wp\/v2\/posts\/13691\/revisions\/13692"}],"wp:featuredmedia":[{"embeddable":true,"href":"https:\/\/salvadoracontece.com.br\/index.php\/wp-json\/wp\/v2\/media\/13693"}],"wp:attachment":[{"href":"https:\/\/salvadoracontece.com.br\/index.php\/wp-json\/wp\/v2\/media?parent=13691"}],"wp:term":[{"taxonomy":"category","embeddable":true,"href":"https:\/\/salvadoracontece.com.br\/index.php\/wp-json\/wp\/v2\/categories?post=13691"},{"taxonomy":"post_tag","embeddable":true,"href":"https:\/\/salvadoracontece.com.br\/index.php\/wp-json\/wp\/v2\/tags?post=13691"}],"curies":[{"name":"wp","href":"https:\/\/api.w.org\/{rel}","templated":true}]}}