{"id":13842,"date":"2025-05-06T13:37:26","date_gmt":"2025-05-06T16:37:26","guid":{"rendered":"https:\/\/salvadoracontece.com.br\/?p=13842"},"modified":"2025-05-06T13:37:27","modified_gmt":"2025-05-06T16:37:27","slug":"tres-linhas-de-onibus-passam-a-ter-novo-ponto-final-dentro-dos-bairros-a-partir-desta-terca-6","status":"publish","type":"post","link":"https:\/\/salvadoracontece.com.br\/index.php\/2025\/05\/06\/tres-linhas-de-onibus-passam-a-ter-novo-ponto-final-dentro-dos-bairros-a-partir-desta-terca-6\/","title":{"rendered":"Tr\u00eas linhas de \u00f4nibus passam a ter novo ponto final dentro dos bairros a partir desta ter\u00e7a (6)"},"content":{"rendered":"<p>A Secretaria Municipal de Mobilidade (Semob) informa que, nesta ter\u00e7a-feira (6), tr\u00eas linhas de \u00f4nibus ter\u00e3o os itiner\u00e1rios ajustados e passar\u00e3o a ter como base operacional os finais de linha dos bairros que atendem. A mudan\u00e7a visa melhorar o atendimento \u00e0 popula\u00e7\u00e3o, oferecendo maior efici\u00eancia na opera\u00e7\u00e3o do transporte coletivo nas localidades.<\/p>\n<p>As linhas que passam por altera\u00e7\u00e3o s\u00e3o a 1521 \u2013 Conjunto Piraj\u00e1 1 \/ Rua Nova x Esta\u00e7\u00e3o Piraj\u00e1, a 1522 \u2013 Piraj\u00e1 \/ Rua Velha x Esta\u00e7\u00e3o Piraj\u00e1 e a 0325 \u2013 Marechal Rondon x Esta\u00e7\u00e3o Piraj\u00e1. Com o ajuste, essas linhas deixar\u00e3o de ter como ponto final a Esta\u00e7\u00e3o Piraj\u00e1 e passar\u00e3o a encerrar o trajeto dentro dos respectivos bairros de origem.<\/p>\n<p>A medida \u00e9 parte de um conjunto de ajustes operacionais que visam otimizar o fluxo de ve\u00edculos e garantir uma melhor cobertura do transporte p\u00fablico nos trajetos de maior demanda. A Semob refor\u00e7a que t\u00e9cnicos da pasta acompanhar\u00e3o a opera\u00e7\u00e3o para garantir a efic\u00e1cia da mudan\u00e7a e orientar os usu\u00e1rios quanto aos novos locais de embarque e desembarque.<\/p>\n","protected":false},"excerpt":{"rendered":"<p>A Secretaria Municipal de Mobilidade (Semob) informa que, nesta ter\u00e7a-feira (6), tr\u00eas linhas de \u00f4nibus ter\u00e3o os itiner\u00e1rios ajustados e passar\u00e3o a ter como base operacional os finais de linha dos bairros que atendem. A mudan\u00e7a visa melhorar o atendimento \u00e0 popula\u00e7\u00e3o, oferecendo maior efici\u00eancia na opera\u00e7\u00e3o do transporte coletivo nas localidades. As linhas que [&hellip;]<\/p>\n","protected":false},"author":1,"featured_media":13844,"comment_status":"open","ping_status":"closed","sticky":false,"template":"","format":"standard","meta":{"footnotes":""},"categories":[117],"tags":[],"class_list":["post-13842","post","type-post","status-publish","format-standard","has-post-thumbnail","hentry","category-onibus"],"_links":{"self":[{"href":"https:\/\/salvadoracontece.com.br\/index.php\/wp-json\/wp\/v2\/posts\/13842","targetHints":{"allow":["GET"]}}],"collection":[{"href":"https:\/\/salvadoracontece.com.br\/index.php\/wp-json\/wp\/v2\/posts"}],"about":[{"href":"https:\/\/salvadoracontece.com.br\/index.php\/wp-json\/wp\/v2\/types\/post"}],"author":[{"embeddable":true,"href":"https:\/\/salvadoracontece.com.br\/index.php\/wp-json\/wp\/v2\/users\/1"}],"replies":[{"embeddable":true,"href":"https:\/\/salvadoracontece.com.br\/index.php\/wp-json\/wp\/v2\/comments?post=13842"}],"version-history":[{"count":1,"href":"https:\/\/salvadoracontece.com.br\/index.php\/wp-json\/wp\/v2\/posts\/13842\/revisions"}],"predecessor-version":[{"id":13843,"href":"https:\/\/salvadoracontece.com.br\/index.php\/wp-json\/wp\/v2\/posts\/13842\/revisions\/13843"}],"wp:featuredmedia":[{"embeddable":true,"href":"https:\/\/salvadoracontece.com.br\/index.php\/wp-json\/wp\/v2\/media\/13844"}],"wp:attachment":[{"href":"https:\/\/salvadoracontece.com.br\/index.php\/wp-json\/wp\/v2\/media?parent=13842"}],"wp:term":[{"taxonomy":"category","embeddable":true,"href":"https:\/\/salvadoracontece.com.br\/index.php\/wp-json\/wp\/v2\/categories?post=13842"},{"taxonomy":"post_tag","embeddable":true,"href":"https:\/\/salvadoracontece.com.br\/index.php\/wp-json\/wp\/v2\/tags?post=13842"}],"curies":[{"name":"wp","href":"https:\/\/api.w.org\/{rel}","templated":true}]}}