{"id":13860,"date":"2025-05-07T11:39:29","date_gmt":"2025-05-07T14:39:29","guid":{"rendered":"https:\/\/salvadoracontece.com.br\/?p=13860"},"modified":"2025-05-07T11:39:30","modified_gmt":"2025-05-07T14:39:30","slug":"pf-deflagra-operacao-contra-grupo-que-enviava-drogas-a-europa-com-uso-de-mulas","status":"publish","type":"post","link":"https:\/\/salvadoracontece.com.br\/index.php\/2025\/05\/07\/pf-deflagra-operacao-contra-grupo-que-enviava-drogas-a-europa-com-uso-de-mulas\/","title":{"rendered":"PF deflagra opera\u00e7\u00e3o contra grupo que enviava drogas \u00e0 Europa com uso de \u2018mulas\u2019"},"content":{"rendered":"<p>A Pol\u00edcia Federal deflagrou nesta quarta-feira (7) a segunda fase da Opera\u00e7\u00e3o Tropeiros, com o objetivo de desarticular uma organiza\u00e7\u00e3o criminosa respons\u00e1vel por tr\u00e1fico internacional de drogas para a Europa. A a\u00e7\u00e3o foi realizada em conjunto com o Minist\u00e9rio P\u00fablico Federal (MPF).<\/p>\n<p>Cerca de 100 policiais federais e integrantes do Grupo de Atua\u00e7\u00e3o Especial de Combate ao Crime Organizado (Gaeco\/MPF) cumpriram 21 mandados de busca e apreens\u00e3o em resid\u00eancias, empresas, casas de c\u00e2mbio e um escrit\u00f3rio de advocacia nas cidades do Rio de Janeiro, Niter\u00f3i (RJ), S\u00e3o Paulo, Campinas (SP) e Salvador (BA). Tamb\u00e9m foram executadas ordens de sequestro de bens, bloqueio de valores, entrega de passaportes e proibi\u00e7\u00e3o de os investigados deixarem o pa\u00eds.<\/p>\n<p>Segundo a PF, a investiga\u00e7\u00e3o \u00e9 um desdobramento da primeira fase da opera\u00e7\u00e3o, deflagrada em novembro de 2022, e utilizou dados obtidos por meio da quebra de sigilos banc\u00e1rios e an\u00e1lise de materiais apreendidos. A quadrilha \u00e9 suspeita de atuar no envio de coca\u00edna para a Europa utilizando \u201cmulas\u201d \u2014 pessoas aliciadas para transportar a droga escondida em malas e mochilas adaptadas.<\/p>\n<p>De acordo com as investiga\u00e7\u00f5es, o grupo contava com a participa\u00e7\u00e3o de empres\u00e1rios, doleiros, um advogado e um gerente de institui\u00e7\u00e3o financeira. As \u201cmulas\u201d recebiam instru\u00e7\u00f5es para entregar os entorpecentes a contatos da organiza\u00e7\u00e3o no exterior, respons\u00e1veis pela venda das drogas no mercado europeu.<\/p>\n<p>A PF identificou ainda movimenta\u00e7\u00f5es financeiras suspeitas que somam cerca de R$ 10 milh\u00f5es, possivelmente ligadas \u00e0 lavagem de dinheiro.<\/p>\n<div class=\"conteudo_post\">\n<p>As investiga\u00e7\u00f5es come\u00e7aram ap\u00f3s a pris\u00e3o em flagrante de uma jovem no Aeroporto Internacional Tom Jobim (Gale\u00e3o), no Rio de Janeiro, em 2022. Ela foi flagrada com 3,2 kg de coca\u00edna escondidos no forro da bagagem e pretendia embarcar para Horta, em Portugal.<\/p>\n<p>Os investigados podem responder por tr\u00e1fico internacional de drogas, associa\u00e7\u00e3o criminosa e lavagem de dinheiro.<\/p>\n<\/div>\n<div id=\"div-share\"><\/div>\n","protected":false},"excerpt":{"rendered":"<p>A Pol\u00edcia Federal deflagrou nesta quarta-feira (7) a segunda fase da Opera\u00e7\u00e3o Tropeiros, com o objetivo de desarticular uma organiza\u00e7\u00e3o criminosa respons\u00e1vel por tr\u00e1fico internacional de drogas para a Europa. A a\u00e7\u00e3o foi realizada em conjunto com o Minist\u00e9rio P\u00fablico Federal (MPF). Cerca de 100 policiais federais e integrantes do Grupo de Atua\u00e7\u00e3o Especial de [&hellip;]<\/p>\n","protected":false},"author":1,"featured_media":13862,"comment_status":"open","ping_status":"closed","sticky":false,"template":"","format":"standard","meta":{"footnotes":""},"categories":[105],"tags":[],"class_list":["post-13860","post","type-post","status-publish","format-standard","has-post-thumbnail","hentry","category-policia"],"_links":{"self":[{"href":"https:\/\/salvadoracontece.com.br\/index.php\/wp-json\/wp\/v2\/posts\/13860","targetHints":{"allow":["GET"]}}],"collection":[{"href":"https:\/\/salvadoracontece.com.br\/index.php\/wp-json\/wp\/v2\/posts"}],"about":[{"href":"https:\/\/salvadoracontece.com.br\/index.php\/wp-json\/wp\/v2\/types\/post"}],"author":[{"embeddable":true,"href":"https:\/\/salvadoracontece.com.br\/index.php\/wp-json\/wp\/v2\/users\/1"}],"replies":[{"embeddable":true,"href":"https:\/\/salvadoracontece.com.br\/index.php\/wp-json\/wp\/v2\/comments?post=13860"}],"version-history":[{"count":1,"href":"https:\/\/salvadoracontece.com.br\/index.php\/wp-json\/wp\/v2\/posts\/13860\/revisions"}],"predecessor-version":[{"id":13861,"href":"https:\/\/salvadoracontece.com.br\/index.php\/wp-json\/wp\/v2\/posts\/13860\/revisions\/13861"}],"wp:featuredmedia":[{"embeddable":true,"href":"https:\/\/salvadoracontece.com.br\/index.php\/wp-json\/wp\/v2\/media\/13862"}],"wp:attachment":[{"href":"https:\/\/salvadoracontece.com.br\/index.php\/wp-json\/wp\/v2\/media?parent=13860"}],"wp:term":[{"taxonomy":"category","embeddable":true,"href":"https:\/\/salvadoracontece.com.br\/index.php\/wp-json\/wp\/v2\/categories?post=13860"},{"taxonomy":"post_tag","embeddable":true,"href":"https:\/\/salvadoracontece.com.br\/index.php\/wp-json\/wp\/v2\/tags?post=13860"}],"curies":[{"name":"wp","href":"https:\/\/api.w.org\/{rel}","templated":true}]}}