{"id":13869,"date":"2025-05-08T13:41:36","date_gmt":"2025-05-08T16:41:36","guid":{"rendered":"https:\/\/salvadoracontece.com.br\/?p=13869"},"modified":"2025-05-08T13:41:37","modified_gmt":"2025-05-08T16:41:37","slug":"conclave-fumaca-branca-sai-e-novo-papa-e-escolhido","status":"publish","type":"post","link":"https:\/\/salvadoracontece.com.br\/index.php\/2025\/05\/08\/conclave-fumaca-branca-sai-e-novo-papa-e-escolhido\/","title":{"rendered":"Conclave: Fuma\u00e7a branca sai e novo papa \u00e9 escolhido"},"content":{"rendered":"<p>A Igreja Cat\u00f3lica tem um novo Papa. A fuma\u00e7a branca saiu da chamin\u00e9 da Capela Sistina \u00e0s 13h08 (18h08 em Roma) desta quinta-feira (8), sinalizando que o conclave, iniciado ap\u00f3s a morte do Papa Francisco, chegou a uma conclus\u00e3o. O an\u00fancio foi feito ap\u00f3s a quarta vota\u00e7\u00e3o entre os cardeais reunidos no Vaticano.<\/p>\n<p>O conclave, que durou 17 dias, marcou um per\u00edodo de grande expectativa para os fi\u00e9is cat\u00f3licos ao redor do mundo, que aguardavam ansiosamente a escolha do novo l\u00edder da Igreja. A escolha do novo Papa \u00e9 um evento significativo para a religi\u00e3o, especialmente ap\u00f3s o falecimento de Francisco, que ficou marcado por suas a\u00e7\u00f5es e ensinamentos durante o pontificado.<\/p>\n<p>A identidade do novo Papa ainda n\u00e3o foi revelada oficialmente, mas a fuma\u00e7a branca da Capela Sistina \u00e9 tradicionalmente o sinal de que o conclave chegou a um consenso e que um novo Papa foi escolhido. A cerim\u00f4nia oficial de apresenta\u00e7\u00e3o ao p\u00fablico dever\u00e1 ocorrer em breve, com a expectativa de uma fala do novo l\u00edder da Igreja Cat\u00f3lica.<\/p>\n<p>Diante de especula\u00e7\u00f5es alguns nomes s\u00e3o apontados como favoritos mas o cardeal eleito s\u00f3 ter\u00e1 seu nome revelado quando na sacada da Bas\u00edlica de S\u00e3o Pedro o cardeal Dominique Mamberti proclamar a express\u00e3o \u201cHabemus Papam\u201d (Temos um papa) afirmando para o mundo que a igreja tem um novo governante.<\/p>\n","protected":false},"excerpt":{"rendered":"<p>A Igreja Cat\u00f3lica tem um novo Papa. A fuma\u00e7a branca saiu da chamin\u00e9 da Capela Sistina \u00e0s 13h08 (18h08 em Roma) desta quinta-feira (8), sinalizando que o conclave, iniciado ap\u00f3s a morte do Papa Francisco, chegou a uma conclus\u00e3o. O an\u00fancio foi feito ap\u00f3s a quarta vota\u00e7\u00e3o entre os cardeais reunidos no Vaticano. O conclave, [&hellip;]<\/p>\n","protected":false},"author":1,"featured_media":13871,"comment_status":"open","ping_status":"closed","sticky":false,"template":"","format":"standard","meta":{"footnotes":""},"categories":[165],"tags":[],"class_list":["post-13869","post","type-post","status-publish","format-standard","has-post-thumbnail","hentry","category-conclave"],"_links":{"self":[{"href":"https:\/\/salvadoracontece.com.br\/index.php\/wp-json\/wp\/v2\/posts\/13869","targetHints":{"allow":["GET"]}}],"collection":[{"href":"https:\/\/salvadoracontece.com.br\/index.php\/wp-json\/wp\/v2\/posts"}],"about":[{"href":"https:\/\/salvadoracontece.com.br\/index.php\/wp-json\/wp\/v2\/types\/post"}],"author":[{"embeddable":true,"href":"https:\/\/salvadoracontece.com.br\/index.php\/wp-json\/wp\/v2\/users\/1"}],"replies":[{"embeddable":true,"href":"https:\/\/salvadoracontece.com.br\/index.php\/wp-json\/wp\/v2\/comments?post=13869"}],"version-history":[{"count":1,"href":"https:\/\/salvadoracontece.com.br\/index.php\/wp-json\/wp\/v2\/posts\/13869\/revisions"}],"predecessor-version":[{"id":13870,"href":"https:\/\/salvadoracontece.com.br\/index.php\/wp-json\/wp\/v2\/posts\/13869\/revisions\/13870"}],"wp:featuredmedia":[{"embeddable":true,"href":"https:\/\/salvadoracontece.com.br\/index.php\/wp-json\/wp\/v2\/media\/13871"}],"wp:attachment":[{"href":"https:\/\/salvadoracontece.com.br\/index.php\/wp-json\/wp\/v2\/media?parent=13869"}],"wp:term":[{"taxonomy":"category","embeddable":true,"href":"https:\/\/salvadoracontece.com.br\/index.php\/wp-json\/wp\/v2\/categories?post=13869"},{"taxonomy":"post_tag","embeddable":true,"href":"https:\/\/salvadoracontece.com.br\/index.php\/wp-json\/wp\/v2\/tags?post=13869"}],"curies":[{"name":"wp","href":"https:\/\/api.w.org\/{rel}","templated":true}]}}