{"id":13878,"date":"2025-05-09T13:36:10","date_gmt":"2025-05-09T16:36:10","guid":{"rendered":"https:\/\/salvadoracontece.com.br\/?p=13878"},"modified":"2025-05-09T13:37:15","modified_gmt":"2025-05-09T16:37:15","slug":"estacao-de-metro-oferece-orientacao-gratuita-para-declaracao-de-imposto-de-renda","status":"publish","type":"post","link":"https:\/\/salvadoracontece.com.br\/index.php\/2025\/05\/09\/estacao-de-metro-oferece-orientacao-gratuita-para-declaracao-de-imposto-de-renda\/","title":{"rendered":"Esta\u00e7\u00e3o de metr\u00f4 oferece orienta\u00e7\u00e3o gratuita para declara\u00e7\u00e3o de Imposto de Renda"},"content":{"rendered":"<p>A Esta\u00e7\u00e3o de Metr\u00f4 da Lapa vai oferecer orienta\u00e7\u00e3o gratuita a contribuintes para declara\u00e7\u00e3o de Imposto de Renda. Promovida pela CCR Metr\u00f4 Bahia em parceria com a Funda\u00e7\u00e3o Visconde de Cairu, a a\u00e7\u00e3o \u00e9 acontece a partir desta segunda-feira (12) e vai at\u00e9 o pr\u00f3ximo dia 23, uma sexta-feira. O atendimento ser\u00e1 das 13h \u00e0s 17h30.<\/p>\n<p>A iniciativa visa facilitar o atendimento a quem tem dificuldade de acesso digital ou de compreens\u00e3o das obriga\u00e7\u00f5es tribut\u00e1rias. Estudantes do curso de Contabilidade da Funda\u00e7\u00e3o Visconde de Cairu, supervisionados por professores, ajudar\u00e3o os usu\u00e1rios do metr\u00f4 com esclarecimentos e tamb\u00e9m tirar\u00e3o d\u00favidas.<\/p>\n<p>\u201cA orienta\u00e7\u00e3o sobre o Imposto de Renda, oferecida de forma gratuita e acess\u00edvel ao usu\u00e1rio do Sistema Metrovi\u00e1rio de Salvador na Esta\u00e7\u00e3o da Lapa, \u00e9 um ato de inclus\u00e3o social e fiscal importante, especialmente para quem enfrenta dificuldades no uso das plataformas digitais. E iniciativas como essa sempre ser\u00e3o valorizadas e apoiadas pela Sedur \u201c, avaliou Jusmari Oliveira, secret\u00e1ria de Desenvolvimento Urbano da Bahia (Sedur).<\/p>\n<p>A declara\u00e7\u00e3o do imposto de renda come\u00e7ou a ser enviada no dia 17 de mar\u00e7o e o prazo termina \u00e0s 23h59 do dia 30 de maio, uma sexta. A Receita Federal espera receber 46,2 milh\u00f5es de declara\u00e7\u00f5es neste ano.<\/p>\n","protected":false},"excerpt":{"rendered":"<p>A Esta\u00e7\u00e3o de Metr\u00f4 da Lapa vai oferecer orienta\u00e7\u00e3o gratuita a contribuintes para declara\u00e7\u00e3o de Imposto de Renda. Promovida pela CCR Metr\u00f4 Bahia em parceria com a Funda\u00e7\u00e3o Visconde de Cairu, a a\u00e7\u00e3o \u00e9 acontece a partir desta segunda-feira (12) e vai at\u00e9 o pr\u00f3ximo dia 23, uma sexta-feira. O atendimento ser\u00e1 das 13h \u00e0s [&hellip;]<\/p>\n","protected":false},"author":1,"featured_media":13880,"comment_status":"open","ping_status":"closed","sticky":false,"template":"","format":"standard","meta":{"footnotes":""},"categories":[167],"tags":[],"class_list":["post-13878","post","type-post","status-publish","format-standard","has-post-thumbnail","hentry","category-estacao-da-lapa"],"_links":{"self":[{"href":"https:\/\/salvadoracontece.com.br\/index.php\/wp-json\/wp\/v2\/posts\/13878","targetHints":{"allow":["GET"]}}],"collection":[{"href":"https:\/\/salvadoracontece.com.br\/index.php\/wp-json\/wp\/v2\/posts"}],"about":[{"href":"https:\/\/salvadoracontece.com.br\/index.php\/wp-json\/wp\/v2\/types\/post"}],"author":[{"embeddable":true,"href":"https:\/\/salvadoracontece.com.br\/index.php\/wp-json\/wp\/v2\/users\/1"}],"replies":[{"embeddable":true,"href":"https:\/\/salvadoracontece.com.br\/index.php\/wp-json\/wp\/v2\/comments?post=13878"}],"version-history":[{"count":1,"href":"https:\/\/salvadoracontece.com.br\/index.php\/wp-json\/wp\/v2\/posts\/13878\/revisions"}],"predecessor-version":[{"id":13879,"href":"https:\/\/salvadoracontece.com.br\/index.php\/wp-json\/wp\/v2\/posts\/13878\/revisions\/13879"}],"wp:featuredmedia":[{"embeddable":true,"href":"https:\/\/salvadoracontece.com.br\/index.php\/wp-json\/wp\/v2\/media\/13880"}],"wp:attachment":[{"href":"https:\/\/salvadoracontece.com.br\/index.php\/wp-json\/wp\/v2\/media?parent=13878"}],"wp:term":[{"taxonomy":"category","embeddable":true,"href":"https:\/\/salvadoracontece.com.br\/index.php\/wp-json\/wp\/v2\/categories?post=13878"},{"taxonomy":"post_tag","embeddable":true,"href":"https:\/\/salvadoracontece.com.br\/index.php\/wp-json\/wp\/v2\/tags?post=13878"}],"curies":[{"name":"wp","href":"https:\/\/api.w.org\/{rel}","templated":true}]}}