{"id":13881,"date":"2025-05-09T13:57:35","date_gmt":"2025-05-09T16:57:35","guid":{"rendered":"https:\/\/salvadoracontece.com.br\/?p=13881"},"modified":"2025-05-09T13:57:36","modified_gmt":"2025-05-09T16:57:36","slug":"prefeitura-entrega-requalificacao-da-praca-dos-ex-combatentes","status":"publish","type":"post","link":"https:\/\/salvadoracontece.com.br\/index.php\/2025\/05\/09\/prefeitura-entrega-requalificacao-da-praca-dos-ex-combatentes\/","title":{"rendered":"Prefeitura entrega requalifica\u00e7\u00e3o da Pra\u00e7a dos ex-combatentes"},"content":{"rendered":"<p>A cerim\u00f4nia teve as presen\u00e7as do prefeito Bruno Reis, da vice-prefeita e titular da Secretaria Municipal de Cultura e Turismo (Secult), Ana Paula Matos, do presidente da Companhia de Desenvolvimento Urbano de Salvador (Desal), Virg\u00edlio Daltro, do comandante da 6\u00aa Regi\u00e3o Militar, general Andr\u00e9 Luiz Aguiar Ribeiro, e de demais autoridades. A pra\u00e7a tem esse nome em homenagem aos homens e mulheres que, em um ato de hero\u00edsmo, participaram de batalhas cruciais na It\u00e1lia, durante o maior conflito armado da humanidade, tornando-se s\u00edmbolo de orgulho e coragem para o pa\u00eds.<\/p>\n<p>O prefeito ressaltou a ocasi\u00e3o como um dia hist\u00f3rico e de festa para o Brasil e para as For\u00e7as Armadas Brasileiras. \u201cEstamos aqui hoje para celebrar mais uma parceria com o Ex\u00e9rcito, neste dia hist\u00f3rico, dia em que completamos a vit\u00f3ria de 80 anos da For\u00e7a Expedicion\u00e1ria Brasileira. Quero abra\u00e7ar aqui a todos os familiares dos ex-combatentes, sejam aqueles que nos deixaram e tamb\u00e9m os que tiveram essa vit\u00f3ria. Esta pra\u00e7a \u00e9 uma homenagem a todos eles e hoje estamos entregando completamente reformada, reconstru\u00edda com a nova modelagem dentro do padr\u00e3o que a nossa Prefeitura imprime em toda a cidade\u201d, afirmou o prefeito Bruno Reis.<\/p>\n<p>Ele fez um apelo para que a comunidade cuide do equipamento p\u00fablico: \u201cPedimos \u00e0 comunidade que nos ajude no cuidado. Realmente, nunca se investiu tanto em espa\u00e7os p\u00fablicos, devolvendo a cidade ao cidad\u00e3o. Voc\u00eas n\u00e3o imaginam a felicidade que eu tenho quando eu chego e vejo as crian\u00e7as brincando no parquinho. Isso nos motiva e nos estimula a trabalhar ainda mais, mas \u00e9 \u00f3bvio que quando a comunidade ajuda a cuidar, a gente investe menos em manuten\u00e7\u00e3o e sobram mais recursos para recuperar e construir outras pra\u00e7as em nossa cidade\u201d, salientou.<\/p>\n<p>No local, que comp\u00f5e o cen\u00e1rio apraz\u00edvel da orla de Amaralina e do Quartel, h\u00e1 um memorial com datas de partida de tropas para a It\u00e1lia e de chegada ao Brasil, bem como com o nome de militares que integraram a FEB e morreram em combate, com a respectiva data, cidade e situa\u00e7\u00e3o do falecimento. O general Ribeiro destacou a import\u00e2ncia de reverenciar os ex-combatentes e de contar a hist\u00f3ria a partir de cerim\u00f4nias como a que foi realizada.<\/p>\n<p>\u201cVolto a falar dos pracinhas que, 80 anos atr\u00e1s, sem quaisquer condi\u00e7\u00f5es de equipamento, sem jamais terem sa\u00eddo do pa\u00eds, foram combater no inverno europeu. Muito provavelmente h\u00e1 descendentes aqui dos pracinhas baianos. Os senhores v\u00e3o identificar a placa com o nome de todos eles, sem exce\u00e7\u00e3o. Temos que reverenciar, contar a hist\u00f3ria, fazer cerim\u00f4nias como essa em que os senhores est\u00e3o dando um brilho todo especial. Ent\u00e3o que venham outras parcerias com a Prefeitura Municipal, mas, mais uma vez, n\u00f3s dependemos dos senhores e das senhoras para a preserva\u00e7\u00e3o desse patrim\u00f4nio p\u00fablico\u201d, completou.<\/p>\n<p>Na \u00e1rea de 4,1 mil m\u00b2, foram implantados mobili\u00e1rios, parque infantil, academia de sa\u00fade e academia de gin\u00e1stica. Al\u00e9m disso, o local recebeu um cuidado especial com o paisagismo, a partir da implanta\u00e7\u00e3o de grama sint\u00e9tica e natural, de um pergolado em eucalipto, pintura e ilumina\u00e7\u00e3o em LED. A requalifica\u00e7\u00e3o contou com um investimento total de R$502 mil.<\/p>\n<p>Para o lazer e o descanso de quem frequenta ou passa pelo local, foram implantados quatro bancos com encosto, um conjunto de poltrona e um conjunto de mesas infantis. As crian\u00e7as agora contam com um parquinho com Casa de Tarzan, balan\u00e7o em eucalipto, escorregadeira e cercado em eucalipto.<\/p>\n<p>Em incentivo \u00e0 pr\u00e1tica de exerc\u00edcios f\u00edsicos e \u00e0 melhoria da sa\u00fade e do bem-estar da popula\u00e7\u00e3o, a Desal tamb\u00e9m instalou uma academia de sa\u00fade e outra de gin\u00e1stica. Na academia de sa\u00fade h\u00e1 um simulador de giro triplo, um simulador de esquiador simples, um simulador de multiexercitador 7 em 1 e dois simuladores de cavalgada simples. J\u00e1 a academia de gin\u00e1stica possui com prancha abdominal, barra paralela e barra de apoio.<\/p>\n<p>Para melhorar a ilumina\u00e7\u00e3o da regi\u00e3o, a Dsip implantou 57 lumin\u00e1rias LED, 22 postes em fibra e realizou obras de infraestrutura el\u00e9trica, totalizando um investimento de R$274 mil.<\/p>\n","protected":false},"excerpt":{"rendered":"<p>A cerim\u00f4nia teve as presen\u00e7as do prefeito Bruno Reis, da vice-prefeita e titular da Secretaria Municipal de Cultura e Turismo (Secult), Ana Paula Matos, do presidente da Companhia de Desenvolvimento Urbano de Salvador (Desal), Virg\u00edlio Daltro, do comandante da 6\u00aa Regi\u00e3o Militar, general Andr\u00e9 Luiz Aguiar Ribeiro, e de demais autoridades. A pra\u00e7a tem esse [&hellip;]<\/p>\n","protected":false},"author":1,"featured_media":13883,"comment_status":"open","ping_status":"closed","sticky":false,"template":"","format":"standard","meta":{"footnotes":""},"categories":[162],"tags":[],"class_list":["post-13881","post","type-post","status-publish","format-standard","has-post-thumbnail","hentry","category-prefeitura-de-salvador"],"_links":{"self":[{"href":"https:\/\/salvadoracontece.com.br\/index.php\/wp-json\/wp\/v2\/posts\/13881","targetHints":{"allow":["GET"]}}],"collection":[{"href":"https:\/\/salvadoracontece.com.br\/index.php\/wp-json\/wp\/v2\/posts"}],"about":[{"href":"https:\/\/salvadoracontece.com.br\/index.php\/wp-json\/wp\/v2\/types\/post"}],"author":[{"embeddable":true,"href":"https:\/\/salvadoracontece.com.br\/index.php\/wp-json\/wp\/v2\/users\/1"}],"replies":[{"embeddable":true,"href":"https:\/\/salvadoracontece.com.br\/index.php\/wp-json\/wp\/v2\/comments?post=13881"}],"version-history":[{"count":1,"href":"https:\/\/salvadoracontece.com.br\/index.php\/wp-json\/wp\/v2\/posts\/13881\/revisions"}],"predecessor-version":[{"id":13882,"href":"https:\/\/salvadoracontece.com.br\/index.php\/wp-json\/wp\/v2\/posts\/13881\/revisions\/13882"}],"wp:featuredmedia":[{"embeddable":true,"href":"https:\/\/salvadoracontece.com.br\/index.php\/wp-json\/wp\/v2\/media\/13883"}],"wp:attachment":[{"href":"https:\/\/salvadoracontece.com.br\/index.php\/wp-json\/wp\/v2\/media?parent=13881"}],"wp:term":[{"taxonomy":"category","embeddable":true,"href":"https:\/\/salvadoracontece.com.br\/index.php\/wp-json\/wp\/v2\/categories?post=13881"},{"taxonomy":"post_tag","embeddable":true,"href":"https:\/\/salvadoracontece.com.br\/index.php\/wp-json\/wp\/v2\/tags?post=13881"}],"curies":[{"name":"wp","href":"https:\/\/api.w.org\/{rel}","templated":true}]}}