{"id":13908,"date":"2025-05-13T19:18:26","date_gmt":"2025-05-13T22:18:26","guid":{"rendered":"https:\/\/salvadoracontece.com.br\/?p=13908"},"modified":"2025-05-13T19:18:27","modified_gmt":"2025-05-13T22:18:27","slug":"quase-50-cidades-da-bahia-estao-com-alerta-de-perigo-potencial-de-chuva","status":"publish","type":"post","link":"https:\/\/salvadoracontece.com.br\/index.php\/2025\/05\/13\/quase-50-cidades-da-bahia-estao-com-alerta-de-perigo-potencial-de-chuva\/","title":{"rendered":"Quase 50 cidades da Bahia est\u00e3o com alerta de perigo potencial de chuva"},"content":{"rendered":"<p>Quarenta e oito cidades baianas est\u00e3o com alerta potencial em rela\u00e7\u00e3o ao acumulado de chuva. O comunicado foi emitido nesta ter\u00e7a-feira (13), pelo Instituto Nacional de Meteorologia (Inmet). Cidades como Salvador, Cama\u00e7ari e Sim\u00f5es Filho, que registraram fortes chuvas na \u00faltima semana, s\u00e3o citadas no alerta.<\/p>\n<p>De acordo com a previs\u00e3o, as chuvas nesses munic\u00edpios podem chegar a 50 mm por dia. Apesar disso, os riscos de alagamentos e deslizamentos de terra s\u00e3o pequenos.<\/p>\n<p>Segundo previs\u00e3o do Inmet, a semana ser\u00e1 chuvosa em praticamente todo litoral da Bahia: o alerta vai da regi\u00e3o metropolitana at\u00e9 o extremo sul.<\/p>\n<div id=\"chunk-ahjl5\">\n<div class=\"mc-column content-text active-extra-styles \" data-block-type=\"unstyled\" data-block-weight=\"51\" data-block-id=\"8\">\n<p class=\" content-text__container \" data-track-category=\"Link no Texto\" data-track-links=\"\" data-mrf-recirculation=\"Mat\u00e9ria - Links no Texto\">Em Salvador e em Cama\u00e7ari, na regi\u00e3o metropolitana, a previs\u00e3o \u00e9 de chuva at\u00e9 o s\u00e1bado. As temperaturas podem variar entre 21\u00baC e 28\u00baC. Em Ilh\u00e9us, no sul do estado, o cen\u00e1rio \u00e9 parecido, com muitas nuvens e pancadas de chuva. Por l\u00e1, as temperaturas podem variar entre 19\u00baC e 30\u00baC.<\/p>\n<\/div>\n<\/div>\n<div id=\"chunk-11cjs\">\n<div class=\"mc-column content-text active-extra-styles \" data-block-type=\"unstyled\" data-block-weight=\"52\" data-block-id=\"9\">\n<p class=\" content-text__container \" data-track-category=\"Link no Texto\" data-track-links=\"\" data-mrf-recirculation=\"Mat\u00e9ria - Links no Texto\">Ainda conforme o instituto, no oeste do estado n\u00e3o ser\u00e1 registrada chuva, mas sim a redu\u00e7\u00e3o da umidade relativa do ar. Em Barreiras, a previs\u00e3o \u00e9 de sol ao longo de toda a semana, com temperaturas entre 17\u00b0C e 33\u00b0C. Em compensa\u00e7\u00e3o,\u00a0<strong>a umidade m\u00ednima poder\u00e1 atingir a marca de 30%.<\/strong><\/p>\n<\/div>\n<\/div>\n<div id=\"chunk-390md\">\n<div class=\"mc-column content-text active-extra-styles\" data-block-type=\"raw\" data-block-weight=\"8\" data-block-id=\"10\">\n<p class=\"content-text__container\" data-mrf-recirculation=\"Mat\u00e9ria - Links no Texto\"><strong>Confira as cidades citadas no alerta do Inmet:<\/strong><\/p>\n<\/div>\n<\/div>\n<div id=\"chunk-26cso\">\n<div class=\"mc-column content-text active-extra-styles\" data-block-type=\"raw\" data-block-weight=\"77\" data-block-id=\"11\">\n<ol class=\"content-ordered-list theme-ordered-list-color-primary\">\n<li>Alcoba\u00e7a<\/li>\n<li>Am\u00e9lia Rodrigues<\/li>\n<li>Aratu\u00edpe<\/li>\n<li>Belmonte<\/li>\n<li>Buerarema<\/li>\n<li>Cachoeira<\/li>\n<li>Cairu<\/li>\n<li>Cama\u00e7ari<\/li>\n<li>Camamu<\/li>\n<li>Canavieiras<\/li>\n<li>Candeias<\/li>\n<li>Caravelas<\/li>\n<li>Dias d&#8217;\u00c1vila<\/li>\n<li>Igrapi\u00fana<\/li>\n<li>Ilh\u00e9us<\/li>\n<li>Itabela<\/li>\n<li>Itabuna<\/li>\n<li>Itacar\u00e9<\/li>\n<li>Itaparica<\/li>\n<li>Ituber\u00e1<\/li>\n<li>Jaguaripe<\/li>\n<li>Lauro de Freitas<\/li>\n<li>Madre de Deus<\/li>\n<li>Maragogipe<\/li>\n<li>Mara\u00fa<\/li>\n<li>Mascote<\/li>\n<li>Mata de S\u00e3o Jo\u00e3o<\/li>\n<li>Nazar\u00e9<\/li>\n<li>Nilo Pe\u00e7anha<\/li>\n<li>Porto Seguro<\/li>\n<li>Prado<\/li>\n<li>Salinas da Margarida<\/li>\n<li>Salvador<\/li>\n<li>Santa Cruz Cabr\u00e1lia<\/li>\n<li>Santa Luzia<\/li>\n<li>Santo Amaro<\/li>\n<li>S\u00e3o Francisco do Conde<\/li>\n<li>S\u00e3o Jos\u00e9 da Vit\u00f3ria<\/li>\n<li>S\u00e3o Sebasti\u00e3o do Pass\u00e9<\/li>\n<li>Saubara<\/li>\n<li>Sim\u00f5es Filho<\/li>\n<li>Tapero\u00e1<\/li>\n<li>Terra Nova<\/li>\n<li>Ubaitaba<\/li>\n<li>Una<\/li>\n<li>Uru\u00e7uca<\/li>\n<li>Valen\u00e7a<\/li>\n<li>Vera Cruz<\/li>\n<\/ol>\n<p>Fonte: g1<\/p>\n<\/div>\n<\/div>\n","protected":false},"excerpt":{"rendered":"<p>Quarenta e oito cidades baianas est\u00e3o com alerta potencial em rela\u00e7\u00e3o ao acumulado de chuva. O comunicado foi emitido nesta ter\u00e7a-feira (13), pelo Instituto Nacional de Meteorologia (Inmet). Cidades como Salvador, Cama\u00e7ari e Sim\u00f5es Filho, que registraram fortes chuvas na \u00faltima semana, s\u00e3o citadas no alerta. De acordo com a previs\u00e3o, as chuvas nesses munic\u00edpios [&hellip;]<\/p>\n","protected":false},"author":1,"featured_media":13910,"comment_status":"open","ping_status":"closed","sticky":false,"template":"","format":"standard","meta":{"footnotes":""},"categories":[90],"tags":[],"class_list":["post-13908","post","type-post","status-publish","format-standard","has-post-thumbnail","hentry","category-bahia"],"_links":{"self":[{"href":"https:\/\/salvadoracontece.com.br\/index.php\/wp-json\/wp\/v2\/posts\/13908","targetHints":{"allow":["GET"]}}],"collection":[{"href":"https:\/\/salvadoracontece.com.br\/index.php\/wp-json\/wp\/v2\/posts"}],"about":[{"href":"https:\/\/salvadoracontece.com.br\/index.php\/wp-json\/wp\/v2\/types\/post"}],"author":[{"embeddable":true,"href":"https:\/\/salvadoracontece.com.br\/index.php\/wp-json\/wp\/v2\/users\/1"}],"replies":[{"embeddable":true,"href":"https:\/\/salvadoracontece.com.br\/index.php\/wp-json\/wp\/v2\/comments?post=13908"}],"version-history":[{"count":1,"href":"https:\/\/salvadoracontece.com.br\/index.php\/wp-json\/wp\/v2\/posts\/13908\/revisions"}],"predecessor-version":[{"id":13909,"href":"https:\/\/salvadoracontece.com.br\/index.php\/wp-json\/wp\/v2\/posts\/13908\/revisions\/13909"}],"wp:featuredmedia":[{"embeddable":true,"href":"https:\/\/salvadoracontece.com.br\/index.php\/wp-json\/wp\/v2\/media\/13910"}],"wp:attachment":[{"href":"https:\/\/salvadoracontece.com.br\/index.php\/wp-json\/wp\/v2\/media?parent=13908"}],"wp:term":[{"taxonomy":"category","embeddable":true,"href":"https:\/\/salvadoracontece.com.br\/index.php\/wp-json\/wp\/v2\/categories?post=13908"},{"taxonomy":"post_tag","embeddable":true,"href":"https:\/\/salvadoracontece.com.br\/index.php\/wp-json\/wp\/v2\/tags?post=13908"}],"curies":[{"name":"wp","href":"https:\/\/api.w.org\/{rel}","templated":true}]}}