{"id":13925,"date":"2025-05-14T09:02:07","date_gmt":"2025-05-14T12:02:07","guid":{"rendered":"https:\/\/salvadoracontece.com.br\/?p=13925"},"modified":"2025-05-14T09:02:07","modified_gmt":"2025-05-14T12:02:07","slug":"mansao-do-caminho-suspende-atividades-por-dois-dias-apos-morte-de-divaldo-franco","status":"publish","type":"post","link":"https:\/\/salvadoracontece.com.br\/index.php\/2025\/05\/14\/mansao-do-caminho-suspende-atividades-por-dois-dias-apos-morte-de-divaldo-franco\/","title":{"rendered":"Mans\u00e3o do Caminho suspende atividades por dois dias ap\u00f3s morte de Divaldo Franco"},"content":{"rendered":"<p>A Mans\u00e3o do Caminho, institui\u00e7\u00e3o esp\u00edrita localizada no bairro de Pau da Lima, em Salvador (BA), anunciou a suspens\u00e3o de suas atividades nesta quarta (14) e quinta-feira (15) em raz\u00e3o da morte de seu fundador, o m\u00e9dium e orador Divaldo Franco, ocorrida na noite de ter\u00e7a-feira (13), aos 98 anos. \u201cAs atividades ser\u00e3o retomadas normalmente no dia 16 de maio, sexta-feira\u201d, informou a institui\u00e7\u00e3o em comunicado divulgado nas redes sociais.<\/p>\n<p>Fundada em 1952 por Divaldo e por Nilson de Souza Pereira, a Mans\u00e3o do Caminho atende diariamente mais de 5 mil pessoas com servi\u00e7os nas \u00e1reas de educa\u00e7\u00e3o, sa\u00fade e assist\u00eancia social. O complexo, localizado no bairro de Pau da Lima, abriga 44 edifica\u00e7\u00f5es, incluindo escolas, creches e unidades m\u00e9dicas.<\/p>\n<p>O vel\u00f3rio de Divaldo ser\u00e1 realizado nesta quarta-feira (14), das 9h \u00e0s 20h, no gin\u00e1sio da Mans\u00e3o do Caminho. O sepultamento est\u00e1 previsto para quinta-feira (15), \u00e0s 10h, no Cemit\u00e9rio Bosque da Paz.<\/p>\n","protected":false},"excerpt":{"rendered":"<p>A Mans\u00e3o do Caminho, institui\u00e7\u00e3o esp\u00edrita localizada no bairro de Pau da Lima, em Salvador (BA), anunciou a suspens\u00e3o de suas atividades nesta quarta (14) e quinta-feira (15) em raz\u00e3o da morte de seu fundador, o m\u00e9dium e orador Divaldo Franco, ocorrida na noite de ter\u00e7a-feira (13), aos 98 anos. \u201cAs atividades ser\u00e3o retomadas normalmente [&hellip;]<\/p>\n","protected":false},"author":1,"featured_media":13927,"comment_status":"open","ping_status":"closed","sticky":false,"template":"","format":"standard","meta":{"footnotes":""},"categories":[85],"tags":[],"class_list":["post-13925","post","type-post","status-publish","format-standard","has-post-thumbnail","hentry","category-noticias"],"_links":{"self":[{"href":"https:\/\/salvadoracontece.com.br\/index.php\/wp-json\/wp\/v2\/posts\/13925","targetHints":{"allow":["GET"]}}],"collection":[{"href":"https:\/\/salvadoracontece.com.br\/index.php\/wp-json\/wp\/v2\/posts"}],"about":[{"href":"https:\/\/salvadoracontece.com.br\/index.php\/wp-json\/wp\/v2\/types\/post"}],"author":[{"embeddable":true,"href":"https:\/\/salvadoracontece.com.br\/index.php\/wp-json\/wp\/v2\/users\/1"}],"replies":[{"embeddable":true,"href":"https:\/\/salvadoracontece.com.br\/index.php\/wp-json\/wp\/v2\/comments?post=13925"}],"version-history":[{"count":1,"href":"https:\/\/salvadoracontece.com.br\/index.php\/wp-json\/wp\/v2\/posts\/13925\/revisions"}],"predecessor-version":[{"id":13926,"href":"https:\/\/salvadoracontece.com.br\/index.php\/wp-json\/wp\/v2\/posts\/13925\/revisions\/13926"}],"wp:featuredmedia":[{"embeddable":true,"href":"https:\/\/salvadoracontece.com.br\/index.php\/wp-json\/wp\/v2\/media\/13927"}],"wp:attachment":[{"href":"https:\/\/salvadoracontece.com.br\/index.php\/wp-json\/wp\/v2\/media?parent=13925"}],"wp:term":[{"taxonomy":"category","embeddable":true,"href":"https:\/\/salvadoracontece.com.br\/index.php\/wp-json\/wp\/v2\/categories?post=13925"},{"taxonomy":"post_tag","embeddable":true,"href":"https:\/\/salvadoracontece.com.br\/index.php\/wp-json\/wp\/v2\/tags?post=13925"}],"curies":[{"name":"wp","href":"https:\/\/api.w.org\/{rel}","templated":true}]}}