{"id":13933,"date":"2025-05-14T14:55:41","date_gmt":"2025-05-14T17:55:41","guid":{"rendered":"https:\/\/salvadoracontece.com.br\/?p=13933"},"modified":"2025-05-14T14:55:42","modified_gmt":"2025-05-14T17:55:42","slug":"prefeitura-entrega-novo-campo-com-grama-sintetica-e-praca-requalificada-em-plataforma","status":"publish","type":"post","link":"https:\/\/salvadoracontece.com.br\/index.php\/2025\/05\/14\/prefeitura-entrega-novo-campo-com-grama-sintetica-e-praca-requalificada-em-plataforma\/","title":{"rendered":"Prefeitura entrega novo campo com grama sint\u00e9tica e pra\u00e7a requalificada em Plataforma"},"content":{"rendered":"<p>Os moradores do bairro de Plataforma ganharam, na noite desta ter\u00e7a-feira (13), dois espa\u00e7os de conviv\u00eancia e lazer completamente requalificados: a Pra\u00e7a Gilvanete Jesus dos Santos, na Rua Laurindo Cerqueira, e o Campo Benvindo, na Rua dos Tecel\u00f5es, que ganhou gramado sint\u00e9tico. A Prefeitura de Salvador investiu cerca de R$1,5 milh\u00e3o na recupera\u00e7\u00e3o e melhoria dos dois equipamentos p\u00fablicos.<\/p>\n<p>O Campo Benvindo, antes de areia e em condi\u00e7\u00f5es prec\u00e1rias, foi completamente reformado: ganhou grama sint\u00e9tica, alambrado, ilumina\u00e7\u00e3o em LED e um vesti\u00e1rio para acomodar os jogadores antes das partidas. Esse \u00e9 o 75\u00ba campo com gramado sint\u00e9tico entregue \u00e0 popula\u00e7\u00e3o durante a atual gest\u00e3o.<\/p>\n<p>Com \u00e1rea total de 985,65 m\u00b2, a pra\u00e7a recebeu diversos novos elementos, como parque infantil, academia de gin\u00e1stica com barra de apoio, barra paralela e prancha abdominal, al\u00e9m de oito conjuntos de mesas para jogos, bancos pr\u00e9-moldados, ilumina\u00e7\u00e3o em LED e oito quiosques, sendo sete simples e um exclusivo para a venda de acaraj\u00e9. O espa\u00e7o tamb\u00e9m ganhou um ponto coberto para mototaxistas, oferecendo mais conforto aos profissionais que utilizam a regi\u00e3o como base de embarque.<\/p>\n<p>Durante a entrega dos equipamentos, o prefeito Bruno Reis refor\u00e7ou a import\u00e2ncia da participa\u00e7\u00e3o da comunidade na preserva\u00e7\u00e3o dos espa\u00e7os p\u00fablicos. \u201cO papel da prefeitura \u00e9 entregar \u00e1reas onde todos possam usufruir e aproveitar o lazer, mas pedimos que os moradores zelem por esses bens, que pertencem a todos\u201d, afirmou.<\/p>\n<p>Na ocasi\u00e3o, Bruno Reis tamb\u00e9m destacou a implanta\u00e7\u00e3o de um polo audiovisual no Sub\u00farbio Ferrovi\u00e1rio, que ser\u00e1 instalado na antiga f\u00e1brica da S\u00e3o Br\u00e1s. O equipamento ser\u00e1 voltado \u00e0 produ\u00e7\u00e3o de filmes, s\u00e9ries, novelas e comerciais, com o objetivo de impulsionar a economia criativa local. \u201cVamos transformar esse espa\u00e7o em um centro de produ\u00e7\u00e3o audiovisual da Prefeitura de Salvador. E sabe quem vai trabalhar l\u00e1? A galera do sub\u00farbio, que ser\u00e1 qualificada para isso\u201d, garantiu.<\/p>\n<p>Transforma\u00e7\u00e3o \u2013 O secret\u00e1rio de Promo\u00e7\u00e3o Social, Combate \u00e0 Pobreza, Esportes e Lazer (Sempre), J\u00fanior Magalh\u00e3es, ressaltou que a prefeitura vai ultrapassar a marca de 100 campos com gramado sint\u00e9tico. \u201cEstamos nos aproximando de um marco significativo: a entrega do campo de n\u00famero 100. Mais do que uma simples conquista num\u00e9rica, essa realiza\u00e7\u00e3o simboliza nosso compromisso cont\u00ednuo com a transforma\u00e7\u00e3o social e o cuidado com as comunidades mais vulner\u00e1veis da nossa cidade\u201d, disse.<\/p>\n<p>Ele tamb\u00e9m destacou os benef\u00edcios do esporte para a popula\u00e7\u00e3o, especialmente para os jovens. \u201cEsses espa\u00e7os n\u00e3o s\u00e3o apenas \u00e1reas de lazer, s\u00e3o verdadeiros centros de oportunidade. O esporte educa, orienta, disciplina e protege. Ele afasta nossos jovens do caminho das drogas, promove a sa\u00fade, fortalece os la\u00e7os comunit\u00e1rios e oferece uma alternativa segura e positiva para o crescimento individual e coletivo. Cada campo entregue representa uma nova chance para centenas de fam\u00edlias sonharem com um futuro melhor\u201d, frisou.<\/p>\n<p>Moradora de Plataforma, D\u00e9bora Souza dos Santos, 43 anos, celebrou a transforma\u00e7\u00e3o da pra\u00e7a onde cresceu. Segundo ela, o local estava degradado e n\u00e3o oferecia lazer \u00e0s crian\u00e7as da regi\u00e3o. \u201cAntes era uma pra\u00e7a com os bancos todos quebrados, n\u00e3o tinha nada para as crian\u00e7as. Agora, com o parquinho, os finais de semana ficam lotados. Achei \u00f3timo para elas\u201d, afirmou. Ela costuma frequentar o local com a afilhada de cinco anos. \u201cEla adora. Sempre me pede para vir e eu trago. Est\u00e1 muito movimentado, uma maravilha mesmo\u201d.<\/p>\n<p>A vendedora Janiceira Corr\u00eaa, de 62 anos, trabalha no local h\u00e1 cerca de 17 anos e tamb\u00e9m comemorou a requalifica\u00e7\u00e3o. Antes, atuava com uma barraca improvisada de zinco. Hoje, \u00e9 uma das contempladas com quiosque fixo. \u201cAqui era tudo quebrado, esburacado. Eu vivia para l\u00e1 e para c\u00e1 com minha barraquinha. Agora tenho conforto para mim e para meus clientes. Est\u00e1 tudo uma maravilha\u201d, disse.<\/p>\n<p>Morador da Rua dos Tecel\u00f5es, Osvaldo Bastos, 45 anos, comentou a melhoria no campo. \u201cEra tudo de areia e, nos dias de chuva, virava lama. N\u00e3o dava para usar. Agora ficou \u00f3timo. Gostei muito da grama sint\u00e9tica. Esse campo \u00e9 o lazer de muitas pessoas trabalhadoras que s\u00f3 t\u00eam esse espa\u00e7o para se divertir\u201d, afirmou.<\/p>\n<p>&nbsp;<\/p>\n<p>Fotos: Betto Jr.\/ Secom PMS<\/p>\n","protected":false},"excerpt":{"rendered":"<p>Os moradores do bairro de Plataforma ganharam, na noite desta ter\u00e7a-feira (13), dois espa\u00e7os de conviv\u00eancia e lazer completamente requalificados: a Pra\u00e7a Gilvanete Jesus dos Santos, na Rua Laurindo Cerqueira, e o Campo Benvindo, na Rua dos Tecel\u00f5es, que ganhou gramado sint\u00e9tico. A Prefeitura de Salvador investiu cerca de R$1,5 milh\u00e3o na recupera\u00e7\u00e3o e melhoria [&hellip;]<\/p>\n","protected":false},"author":1,"featured_media":13935,"comment_status":"open","ping_status":"closed","sticky":false,"template":"","format":"standard","meta":{"footnotes":""},"categories":[85],"tags":[],"class_list":["post-13933","post","type-post","status-publish","format-standard","has-post-thumbnail","hentry","category-noticias"],"_links":{"self":[{"href":"https:\/\/salvadoracontece.com.br\/index.php\/wp-json\/wp\/v2\/posts\/13933","targetHints":{"allow":["GET"]}}],"collection":[{"href":"https:\/\/salvadoracontece.com.br\/index.php\/wp-json\/wp\/v2\/posts"}],"about":[{"href":"https:\/\/salvadoracontece.com.br\/index.php\/wp-json\/wp\/v2\/types\/post"}],"author":[{"embeddable":true,"href":"https:\/\/salvadoracontece.com.br\/index.php\/wp-json\/wp\/v2\/users\/1"}],"replies":[{"embeddable":true,"href":"https:\/\/salvadoracontece.com.br\/index.php\/wp-json\/wp\/v2\/comments?post=13933"}],"version-history":[{"count":1,"href":"https:\/\/salvadoracontece.com.br\/index.php\/wp-json\/wp\/v2\/posts\/13933\/revisions"}],"predecessor-version":[{"id":13934,"href":"https:\/\/salvadoracontece.com.br\/index.php\/wp-json\/wp\/v2\/posts\/13933\/revisions\/13934"}],"wp:featuredmedia":[{"embeddable":true,"href":"https:\/\/salvadoracontece.com.br\/index.php\/wp-json\/wp\/v2\/media\/13935"}],"wp:attachment":[{"href":"https:\/\/salvadoracontece.com.br\/index.php\/wp-json\/wp\/v2\/media?parent=13933"}],"wp:term":[{"taxonomy":"category","embeddable":true,"href":"https:\/\/salvadoracontece.com.br\/index.php\/wp-json\/wp\/v2\/categories?post=13933"},{"taxonomy":"post_tag","embeddable":true,"href":"https:\/\/salvadoracontece.com.br\/index.php\/wp-json\/wp\/v2\/tags?post=13933"}],"curies":[{"name":"wp","href":"https:\/\/api.w.org\/{rel}","templated":true}]}}