{"id":13939,"date":"2025-05-15T16:26:28","date_gmt":"2025-05-15T19:26:28","guid":{"rendered":"https:\/\/salvadoracontece.com.br\/?p=13939"},"modified":"2025-05-15T16:26:28","modified_gmt":"2025-05-15T19:26:28","slug":"divaldo-franco-e-enterrado-em-salvador-em-clima-de-emocao-e-homenagens","status":"publish","type":"post","link":"https:\/\/salvadoracontece.com.br\/index.php\/2025\/05\/15\/divaldo-franco-e-enterrado-em-salvador-em-clima-de-emocao-e-homenagens\/","title":{"rendered":"Divaldo Franco \u00e9 enterrado em Salvador em clima de emo\u00e7\u00e3o e homenagens"},"content":{"rendered":"<p class=\"\" data-start=\"235\" data-end=\"534\">Aos 98 anos, o m\u00e9dium e l\u00edder esp\u00edrita Divaldo Franco foi sepultado na manh\u00e3 desta quinta-feira (15) no Cemit\u00e9rio Bosque da Paz, em Salvador, em meio a aplausos e grande como\u00e7\u00e3o de amigos, familiares e admiradores. Franco faleceu na noite de ter\u00e7a-feira (13), v\u00edtima de fal\u00eancia m\u00faltipla dos \u00f3rg\u00e3os.<\/p>\n<p class=\"\" data-start=\"536\" data-end=\"874\">O cortejo teve in\u00edcio por volta das 10h30, reunindo personalidades como o cantor Carlinhos Brown e o prefeito Bruno Reis. Atendendo a um desejo expressado por Divaldo, o vel\u00f3rio ocorreu na quarta (14) no gin\u00e1sio de esportes da Mans\u00e3o do Caminho, com o caix\u00e3o mantido fechado, de modo a preservar a imagem serena que ele sempre transmitiu.<\/p>\n<p class=\"\" data-start=\"876\" data-end=\"1212\">Considerado \u201cpai\u201d por mais de 600 acolhidos na institui\u00e7\u00e3o filantr\u00f3pica que fundou em 1952, no bairro do Pau da Lima, Divaldo recebeu homenagens dos \u201cfilhos\u201d e da grande comunidade que ajudou a transformar. Em vez de flores, ele pedia que as doa\u00e7\u00f5es fossem direcionadas \u00e0 Mans\u00e3o do Caminho, refor\u00e7ando seu compromisso com a obra social.<\/p>\n<p class=\"\" data-start=\"1214\" data-end=\"1490\">Diagnosticado com c\u00e2ncer de bexiga em novembro do ano passado, Divaldo esteve internado por problemas urin\u00e1rios em duas ocasi\u00f5es e, desde fevereiro, era acompanhado por equipe de home care. O \u00f3bito foi confirmado \u00e0s 21h45 de 13 de maio, em sua resid\u00eancia na Mans\u00e3o do Caminho.<\/p>\n<p class=\"\" data-start=\"1492\" data-end=\"1820\">Nascido em Feira de Santana, Divaldo teve suas primeiras manifesta\u00e7\u00f5es medi\u00fanicas aos 4 anos e psicografou sua primeira mensagem aos 20. Autor de 263 obras traduzidas em 17 idiomas \u2014 sendo 70 ditadas pelo esp\u00edrito Joanna de \u00c2ngelis \u2014, dedicou a vida \u00e0 difus\u00e3o do espiritismo, proferindo mais de 20 mil palestras em todo o mundo.<\/p>\n<p class=\"\" data-start=\"1822\" data-end=\"2129\">Reconhecido como um dos maiores continuadores do legado de Chico Xavier e apelidado de \u201cEmbaixador da Paz no Mundo\u201d, foi tema de um filme em 2019. Sua filosofia de que a paz \u00e9 fruto da transforma\u00e7\u00e3o moral do indiv\u00edduo, e n\u00e3o de decretos governamentais, permanece como um de seus ensinamentos mais marcantes.<\/p>\n<p class=\"\" data-start=\"2131\" data-end=\"2481\">Nas redes sociais, seguidores, artistas, clubes e autoridades lamentaram sua partida. O impacto de seu trabalho se reflete na Mans\u00e3o do Caminho, que hoje oferece educa\u00e7\u00e3o e assist\u00eancia a mais de 1,6 mil crian\u00e7as e adolescentes em situa\u00e7\u00e3o de vulnerabilidade, al\u00e9m de distribuir mais de 5 mil atendimentos di\u00e1rios de cunho m\u00e9dico, social e espiritual.<\/p>\n<p class=\"\" data-start=\"2483\" data-end=\"2873\">\u201cEle tra\u00e7ou o caminho, e ele continuar\u00e1 vivo atrav\u00e9s do bem que realizamos\u201d, afirmou M\u00e1rio S\u00e9rgio Almeida, presidente da Mans\u00e3o do Caminho. Embora n\u00e3o tenha deixado herdeiros biol\u00f3gicos, Divaldo cuidou de 685 crian\u00e7as como Edilson Pereira da Silva, que, aos 3 anos, encontrou na institui\u00e7\u00e3o um novo lar. \u201cSomos filhos do amor, acolhidos por quem dedicou a vida ao pr\u00f3ximo\u201d, recorda Edilson.<\/p>\n<p class=\"\" data-start=\"2875\" data-end=\"3103\">Em suas pr\u00f3prias palavras: \u201cA doutrina esp\u00edrita \u2014 ci\u00eancia da filosofia e filosofia da religi\u00e3o \u2014 encheu minha vida de beleza e me levou a compartilhar tudo o que recebi.\u201d Seu legado filantr\u00f3pico e espiritual ecoar\u00e1 por gera\u00e7\u00f5es.<\/p>\n","protected":false},"excerpt":{"rendered":"<p>Aos 98 anos, o m\u00e9dium e l\u00edder esp\u00edrita Divaldo Franco foi sepultado na manh\u00e3 desta quinta-feira (15) no Cemit\u00e9rio Bosque da Paz, em Salvador, em meio a aplausos e grande como\u00e7\u00e3o de amigos, familiares e admiradores. Franco faleceu na noite de ter\u00e7a-feira (13), v\u00edtima de fal\u00eancia m\u00faltipla dos \u00f3rg\u00e3os. O cortejo teve in\u00edcio por volta [&hellip;]<\/p>\n","protected":false},"author":1,"featured_media":13941,"comment_status":"open","ping_status":"closed","sticky":false,"template":"","format":"standard","meta":{"footnotes":""},"categories":[85],"tags":[],"class_list":["post-13939","post","type-post","status-publish","format-standard","has-post-thumbnail","hentry","category-noticias"],"_links":{"self":[{"href":"https:\/\/salvadoracontece.com.br\/index.php\/wp-json\/wp\/v2\/posts\/13939","targetHints":{"allow":["GET"]}}],"collection":[{"href":"https:\/\/salvadoracontece.com.br\/index.php\/wp-json\/wp\/v2\/posts"}],"about":[{"href":"https:\/\/salvadoracontece.com.br\/index.php\/wp-json\/wp\/v2\/types\/post"}],"author":[{"embeddable":true,"href":"https:\/\/salvadoracontece.com.br\/index.php\/wp-json\/wp\/v2\/users\/1"}],"replies":[{"embeddable":true,"href":"https:\/\/salvadoracontece.com.br\/index.php\/wp-json\/wp\/v2\/comments?post=13939"}],"version-history":[{"count":1,"href":"https:\/\/salvadoracontece.com.br\/index.php\/wp-json\/wp\/v2\/posts\/13939\/revisions"}],"predecessor-version":[{"id":13940,"href":"https:\/\/salvadoracontece.com.br\/index.php\/wp-json\/wp\/v2\/posts\/13939\/revisions\/13940"}],"wp:featuredmedia":[{"embeddable":true,"href":"https:\/\/salvadoracontece.com.br\/index.php\/wp-json\/wp\/v2\/media\/13941"}],"wp:attachment":[{"href":"https:\/\/salvadoracontece.com.br\/index.php\/wp-json\/wp\/v2\/media?parent=13939"}],"wp:term":[{"taxonomy":"category","embeddable":true,"href":"https:\/\/salvadoracontece.com.br\/index.php\/wp-json\/wp\/v2\/categories?post=13939"},{"taxonomy":"post_tag","embeddable":true,"href":"https:\/\/salvadoracontece.com.br\/index.php\/wp-json\/wp\/v2\/tags?post=13939"}],"curies":[{"name":"wp","href":"https:\/\/api.w.org\/{rel}","templated":true}]}}