{"id":13948,"date":"2025-05-15T17:18:17","date_gmt":"2025-05-15T20:18:17","guid":{"rendered":"https:\/\/salvadoracontece.com.br\/?p=13948"},"modified":"2025-05-15T17:18:18","modified_gmt":"2025-05-15T20:18:18","slug":"greve-dos-rodoviarios-em-salvador-sera-a-maior-da-historia-diz-sindicato","status":"publish","type":"post","link":"https:\/\/salvadoracontece.com.br\/index.php\/2025\/05\/15\/greve-dos-rodoviarios-em-salvador-sera-a-maior-da-historia-diz-sindicato\/","title":{"rendered":"Greve dos rodovi\u00e1rios em Salvador ser\u00e1 a maior da hist\u00f3ria, diz sindicato"},"content":{"rendered":"<p>O\u00a0Sindicato dos Rodovi\u00e1rios de Salvador aprovou o estado de greve\u00a0em assembleia nesta quinta-feira, 15. Segundo o presidente da entidade, H\u00e9lio Ferreira, caso a paralisa\u00e7\u00e3o seja confirmada, ser\u00e1 a maior da hist\u00f3ria. Uma nova assembleia est\u00e1 marcada para \u00e0s 15h, e uma media\u00e7\u00e3o ser\u00e1 realizada nesta sexta, 16, na Superintend\u00eancia Regional de Trabalho.<\/p>\n<p>\u201cA categoria est\u00e1 preparada para, caso a negocia\u00e7\u00e3o n\u00e3o avance, realizar uma das maiores da hist\u00f3ria de Salvador e da Bahia. A nossa greve vai ser uma greve maior do que a de 1992 e de 2006\u201d, declarou H\u00e9lio ao\u00a0Portal A TARDE.<\/p>\n<p>O presidente do sindicato destacou os avan\u00e7os conquistados desde a greve de 2006, o que, segundo ele, contribuiu para evitar novas paralisa\u00e7\u00f5es de grande escala.<\/p>\n<p>\u201cDe 2006 para c\u00e1 a gente tem tido v\u00e1rios avan\u00e7os. Conseguimos fazer o financiamento para as pessoas renovarem a CNH, conseguimos reduzir o desconto do t\u00edquete, que era 20%, a gente reduziu pra 10% e conseguimos o plano de sa\u00fade. Esses avan\u00e7os \u00e9 justamente o que evita greves, como aconteceu historicamente em 2006 e em 1992.&#8221;<\/p>\n","protected":false},"excerpt":{"rendered":"<p>O\u00a0Sindicato dos Rodovi\u00e1rios de Salvador aprovou o estado de greve\u00a0em assembleia nesta quinta-feira, 15. Segundo o presidente da entidade, H\u00e9lio Ferreira, caso a paralisa\u00e7\u00e3o seja confirmada, ser\u00e1 a maior da hist\u00f3ria. Uma nova assembleia est\u00e1 marcada para \u00e0s 15h, e uma media\u00e7\u00e3o ser\u00e1 realizada nesta sexta, 16, na Superintend\u00eancia Regional de Trabalho. \u201cA categoria est\u00e1 [&hellip;]<\/p>\n","protected":false},"author":1,"featured_media":13950,"comment_status":"open","ping_status":"closed","sticky":false,"template":"","format":"standard","meta":{"footnotes":""},"categories":[163],"tags":[],"class_list":["post-13948","post","type-post","status-publish","format-standard","has-post-thumbnail","hentry","category-greve"],"_links":{"self":[{"href":"https:\/\/salvadoracontece.com.br\/index.php\/wp-json\/wp\/v2\/posts\/13948","targetHints":{"allow":["GET"]}}],"collection":[{"href":"https:\/\/salvadoracontece.com.br\/index.php\/wp-json\/wp\/v2\/posts"}],"about":[{"href":"https:\/\/salvadoracontece.com.br\/index.php\/wp-json\/wp\/v2\/types\/post"}],"author":[{"embeddable":true,"href":"https:\/\/salvadoracontece.com.br\/index.php\/wp-json\/wp\/v2\/users\/1"}],"replies":[{"embeddable":true,"href":"https:\/\/salvadoracontece.com.br\/index.php\/wp-json\/wp\/v2\/comments?post=13948"}],"version-history":[{"count":1,"href":"https:\/\/salvadoracontece.com.br\/index.php\/wp-json\/wp\/v2\/posts\/13948\/revisions"}],"predecessor-version":[{"id":13949,"href":"https:\/\/salvadoracontece.com.br\/index.php\/wp-json\/wp\/v2\/posts\/13948\/revisions\/13949"}],"wp:featuredmedia":[{"embeddable":true,"href":"https:\/\/salvadoracontece.com.br\/index.php\/wp-json\/wp\/v2\/media\/13950"}],"wp:attachment":[{"href":"https:\/\/salvadoracontece.com.br\/index.php\/wp-json\/wp\/v2\/media?parent=13948"}],"wp:term":[{"taxonomy":"category","embeddable":true,"href":"https:\/\/salvadoracontece.com.br\/index.php\/wp-json\/wp\/v2\/categories?post=13948"},{"taxonomy":"post_tag","embeddable":true,"href":"https:\/\/salvadoracontece.com.br\/index.php\/wp-json\/wp\/v2\/tags?post=13948"}],"curies":[{"name":"wp","href":"https:\/\/api.w.org\/{rel}","templated":true}]}}