{"id":13951,"date":"2025-05-16T15:17:48","date_gmt":"2025-05-16T18:17:48","guid":{"rendered":"https:\/\/salvadoracontece.com.br\/?p=13951"},"modified":"2025-05-16T15:17:48","modified_gmt":"2025-05-16T18:17:48","slug":"governo-jeronimo-abre-licitacao-para-fiscalizacao-de-obras-no-metro","status":"publish","type":"post","link":"https:\/\/salvadoracontece.com.br\/index.php\/2025\/05\/16\/governo-jeronimo-abre-licitacao-para-fiscalizacao-de-obras-no-metro\/","title":{"rendered":"Governo Jer\u00f4nimo abre licita\u00e7\u00e3o para fiscaliza\u00e7\u00e3o de obras no metr\u00f4"},"content":{"rendered":"<p>A Companhia de Transportes do Estado da Bahia (CTB) abriu, nesta sexta-feira, 16, um processo licitat\u00f3rio para contratar uma empresa especializada em engenharia consultiva, com o objetivo de gerenciar e fiscalizar obras no \u00e2mbito do Sistema Metrovi\u00e1rio de Salvador e Lauro de Freitas (SMSL).<\/p>\n<p>Questionada pelo\u00a0Portal A TARDE, a CTB explicou que \u201co edital publicado refere-se \u00e0 contrata\u00e7\u00e3o de uma empresa especializada para o acompanhamento continuado dos ajustes e adequa\u00e7\u00f5es necess\u00e1rios\u201d ao metr\u00f4 de Salvador.<\/p>\n<p>\u201cEste edital contempla as expans\u00f5es e adapta\u00e7\u00f5es do sistema metrovi\u00e1rio j\u00e1 implantado, incluindo, por exemplo, interven\u00e7\u00f5es em esta\u00e7\u00f5es, terminais de integra\u00e7\u00e3o, passarelas, entre outros\u201d, explicou a CTB, atrav\u00e9s de sua assessoria de imprensa.<\/p>\n<p>Ainda de acordo com a CTB, apesar do termo de refer\u00eancia apontar que a empresa contratada ficar\u00e1 respons\u00e1vel por estudos de expans\u00e3o do metr\u00f4 sob demanda do governo, uma poss\u00edvel amplia\u00e7\u00e3o do SMSL para o Campo Grande n\u00e3o estaria abarcada nesse contrato.<\/p>\n<p>\u201cNo caso do Tramo IV [Esta\u00e7\u00e3o Campo Grande], ser\u00e1 necess\u00e1rio o lan\u00e7amento de um edital espec\u00edfico para o acompanhamento das obras previstas nesse trecho\u201d, garantiu a CTB.<\/p>\n<p>O custo da contrata\u00e7\u00e3o dessa empresa pelo governo de Jer\u00f4nimo Rodrigues (PT) \u00e9 estimado em pouco mais de R$ 10,5 milh\u00f5es, em um contrato com vig\u00eancia de 48 meses (quatro anos).<\/p>\n<p>O edital estabelece tamb\u00e9m que cons\u00f3rcios tamb\u00e9m podem participar da licita\u00e7\u00e3o, desde que formados por no m\u00e1ximo duas empresas e que sejam liderados por uma companhia brasileira.<\/p>\n<p>A sess\u00e3o p\u00fablica para o recebimento das propostas na licita\u00e7\u00e3o est\u00e1 marcada para o pr\u00f3ximo dia 10 de junho, \u00e0s 9h, presencialmente na sede da CTB, localizada na Esta\u00e7\u00e3o Ferrovi\u00e1ria da Cal\u00e7ada.<\/p>\n<h3>Esta\u00e7\u00e3o Campo Grande<\/h3>\n<p>Chamada de \u201cExpans\u00e3o Sul\u201d e tamb\u00e9m de \u201cTramo IV da Linha 1\u201d,\u00a0a implanta\u00e7\u00e3o da Esta\u00e7\u00e3o Campo Grande no metr\u00f4 de Salvador j\u00e1 possui os recursos necess\u00e1rios para as obras.\u00a0Isso porque o valor de R$ 1,518 bilh\u00e3o solicitado pela gest\u00e3o estadual foi aprovado ainda em 2024 pelo governo federal, no \u00e2mbito do PAC (Programa de Acelera\u00e7\u00e3o do Crescimento).<\/p>\n<div id=\"dmh-h-par3\" class=\"jba filled\" data-google-query-id=\"CLDJ8d_LqI0DFYVI3QIdzsAv2A\">\n<p>A ideia \u00e9 construir um tra\u00e7ado de 1,1 km totalmente subterr\u00e2neo, a partir da Esta\u00e7\u00e3o da Lapa, at\u00e9 o Campo Grande. A nova parada do metr\u00f4 deve ficar localizada entre a Pra\u00e7a 2 de Julho e o Teatro Castro Alves (TCA).<\/p>\n<p>Inicialmente, o governo Jer\u00f4nimo tentou amarrar juridicamente para que a amplia\u00e7\u00e3o do metr\u00f4 de Salvador fosse realizada pela CCR Metr\u00f4 Bahia, atual concession\u00e1ria do sistema. O plano, por\u00e9m, foi abortado pela CTB, que deve convocar uma licita\u00e7\u00e3o nos pr\u00f3ximos meses e selecionar uma nova empresa para construir a esta\u00e7\u00e3o no Campo Grande.<\/p>\n<p>De acordo com um anteprojeto obtido pelo\u00a0Portal A TARDE,\u00a0a tend\u00eancia \u00e9 que a nova parada tenha pelo menos cinco pavimentos no subterr\u00e2neo do Centro Antigo de Salvador, podendo chegar a at\u00e9 60 metros de profundidade, superando os 34 metros e tr\u00eas n\u00edveis da Esta\u00e7\u00e3o Campo da P\u00f3lvora, e se tornando a mais funda da cidade.<\/p>\n<p>Ap\u00f3s a Esta\u00e7\u00e3o Campo Grande, a CTB tamb\u00e9m prev\u00ea a constru\u00e7\u00e3o de um rabicho na dire\u00e7\u00e3o da Rua Ara\u00fajo Pinho, no bairro do Canela. No futuro, esse trecho deve ser utilizado para expandir ainda mais a Linha 1, passando pelos bairros da Gra\u00e7a e da Barra.<\/p>\n<\/div>\n","protected":false},"excerpt":{"rendered":"<p>A Companhia de Transportes do Estado da Bahia (CTB) abriu, nesta sexta-feira, 16, um processo licitat\u00f3rio para contratar uma empresa especializada em engenharia consultiva, com o objetivo de gerenciar e fiscalizar obras no \u00e2mbito do Sistema Metrovi\u00e1rio de Salvador e Lauro de Freitas (SMSL). Questionada pelo\u00a0Portal A TARDE, a CTB explicou que \u201co edital publicado [&hellip;]<\/p>\n","protected":false},"author":1,"featured_media":13717,"comment_status":"open","ping_status":"closed","sticky":false,"template":"","format":"standard","meta":{"footnotes":""},"categories":[144],"tags":[],"class_list":["post-13951","post","type-post","status-publish","format-standard","has-post-thumbnail","hentry","category-metro"],"_links":{"self":[{"href":"https:\/\/salvadoracontece.com.br\/index.php\/wp-json\/wp\/v2\/posts\/13951","targetHints":{"allow":["GET"]}}],"collection":[{"href":"https:\/\/salvadoracontece.com.br\/index.php\/wp-json\/wp\/v2\/posts"}],"about":[{"href":"https:\/\/salvadoracontece.com.br\/index.php\/wp-json\/wp\/v2\/types\/post"}],"author":[{"embeddable":true,"href":"https:\/\/salvadoracontece.com.br\/index.php\/wp-json\/wp\/v2\/users\/1"}],"replies":[{"embeddable":true,"href":"https:\/\/salvadoracontece.com.br\/index.php\/wp-json\/wp\/v2\/comments?post=13951"}],"version-history":[{"count":1,"href":"https:\/\/salvadoracontece.com.br\/index.php\/wp-json\/wp\/v2\/posts\/13951\/revisions"}],"predecessor-version":[{"id":13952,"href":"https:\/\/salvadoracontece.com.br\/index.php\/wp-json\/wp\/v2\/posts\/13951\/revisions\/13952"}],"wp:featuredmedia":[{"embeddable":true,"href":"https:\/\/salvadoracontece.com.br\/index.php\/wp-json\/wp\/v2\/media\/13717"}],"wp:attachment":[{"href":"https:\/\/salvadoracontece.com.br\/index.php\/wp-json\/wp\/v2\/media?parent=13951"}],"wp:term":[{"taxonomy":"category","embeddable":true,"href":"https:\/\/salvadoracontece.com.br\/index.php\/wp-json\/wp\/v2\/categories?post=13951"},{"taxonomy":"post_tag","embeddable":true,"href":"https:\/\/salvadoracontece.com.br\/index.php\/wp-json\/wp\/v2\/tags?post=13951"}],"curies":[{"name":"wp","href":"https:\/\/api.w.org\/{rel}","templated":true}]}}