{"id":13958,"date":"2025-05-16T15:46:38","date_gmt":"2025-05-16T18:46:38","guid":{"rendered":"https:\/\/salvadoracontece.com.br\/?p=13958"},"modified":"2025-05-16T15:46:38","modified_gmt":"2025-05-16T18:46:38","slug":"cri-ativos-da-favela-chega-em-salvador-com-formacao-gratuita-para-jovens","status":"publish","type":"post","link":"https:\/\/salvadoracontece.com.br\/index.php\/2025\/05\/16\/cri-ativos-da-favela-chega-em-salvador-com-formacao-gratuita-para-jovens\/","title":{"rendered":"Cri.Ativos da Favela chega em Salvador com forma\u00e7\u00e3o gratuita para jovens"},"content":{"rendered":"<p>Salvador ser\u00e1 palco da nova etapa do Cri.Ativos da Favela, programa que une criatividade, capacita\u00e7\u00e3o e tecnologia para promover oportunidades e perspectivas para jovens com potencial criativo. A trilha ter\u00e1 in\u00edcio em maio, com dura\u00e7\u00e3o de quatro meses e possibilitar\u00e1 que jovens mergulhem no universo do audiovisual e da intelig\u00eancia artificial, desenvolvendo novas habilidades e ampliando suas perspectivas de futuro.<\/p>\n<p>A iniciativa \u00e9 uma realiza\u00e7\u00e3o do Instituto HEINEKEN, Favela Filmes e Central \u00danica das Favelas<br \/>\n(CUFA), e j\u00e1 impactou 180 jovens em S\u00e3o Paulo e no Rio de Janeiro desde seu lan\u00e7amento, em<br \/>\n2023. Agora, chega a Salvador com o prop\u00f3sito de ampliar o acesso de jovens ao mercado<br \/>\ncriativo, abrindo portas onde antes havia barreiras.<strong>\u201cTrazer o Cri.Ativos da Favela para Salvador \u00e9 reconhecer o quanto o talento da juventude baiana j\u00e1 existe \u2014 o que muitas vezes falta \u00e9 oportunidade, ferramentas e acesso. Em uma cidade que respira cultura e criatividade, nosso objetivo \u00e9 contribuir para que mais jovens tenham perspectiva de futuro e novas possibilidades para acessar lugares que nem semprem estiveram abertos e ao alcance desses jovens de potencial criativo. Essa \u00e9 uma a\u00e7\u00e3o que transforma trajet\u00f3rias, fomenta inclus\u00e3o e fortalece o talento e a vivacidade cultural da favela&#8221;, afirma V\u00e2nia Guil, gerente executiva do Instituto HEINEKEN.<\/strong><\/p>\n<p>O curso ser\u00e1 realizado na sede da Favela Filmes em Lauro Freitas, regi\u00e3o metropolitana de<br \/>\nSalvador. A trilha formativa ser\u00e1 dividida em diferentes m\u00f3dulos: intelig\u00eancia artificial aplicada<br \/>\nao audiovisual; cria\u00e7\u00e3o de roteiro; dire\u00e7\u00e3o de fotografia; opera\u00e7\u00e3o de c\u00e2mera e Gaffer e<br \/>\nmaquinaria. Al\u00e9m disso, capta\u00e7\u00e3o de \u00e1udio; trilha sonora; edi\u00e7\u00e3o de v\u00eddeo, e desenvolvimento<br \/>\npessoal e social com conte\u00fado sobre autoconhecimento, consumo respons\u00e1vel, cidadania e<br \/>\nempreendedorismo.<\/p>\n<p>Os jovens ter\u00e3o acesso a equipamentos profissionais e ao laborat\u00f3rio de audiovisual, e contar\u00e3o<br \/>\ncom acompanhamento psicossocial durante toda a jornada. Ap\u00f3s a conclus\u00e3o do curso, os jovens<br \/>\nainda poder\u00e3o acessar os laborat\u00f3rios do projeto, ampliando suas possibilidades de atua\u00e7\u00e3o por<br \/>\nmeio de trabalhos autorais, produ\u00e7\u00e3o de portf\u00f3lio e oportunidades como freelancers.\u00a0<strong>\u201cEstamos perto de come\u00e7ar uma nova turma do Cri.Ativos da Favela, um projeto incr\u00edvel que nasceu em 2023, em S\u00e3o Paulo com o prop\u00f3sito de transformar a vida desses jovens. Iniciar a nova turma de 2025 fora do eixo Rio de Janeiro e S\u00e3o Paulo \u00e9 maravilhoso. Demonstra que nosso objetivo e prop\u00f3sito v\u00eam sendo ampliados e que estamos proporcionando oportunidades para diversos jovens. A Bahia \u00e9 um lugar que respira cultura e arte. Temos certeza de que vamos potencializar ainda mais os talentos do audiovisual por aqui\u201d, diz Debora Freire, coordenadora Cri.Ativos da Favela.<\/strong><\/p>\n<p>O Cri.Ativos da Favela integra a estrat\u00e9gia do Instituto HEINEKEN de promover equil\u00edbrio social<br \/>\npor meio de iniciativas de transforma\u00e7\u00e3o, capacita\u00e7\u00e3o e inclus\u00e3o produtiva nos territ\u00f3rios onde<br \/>\natua. Na Bahia, essa presen\u00e7a vem se consolidando com a\u00e7\u00f5es como o programa Esse Ver\u00e3o \u00e9<br \/>\nMeu, voltado \u00e0 qualifica\u00e7\u00e3o de vendedores ambulantes, e a expans\u00e3o do Conex\u00e3o Cidad\u00e3, que<br \/>\napoia o fortalecimento do trabalho de catadores de materiais recicl\u00e1veis na regi\u00e3o. O Instituto<br \/>\nest\u00e1 dedicado ao aprofundamento da atua\u00e7\u00e3o nos territ\u00f3rios em que est\u00e1 presente \u2014 com foco<br \/>\nna qualidade do impacto, no fortalecimento das redes locais e na gera\u00e7\u00e3o de transforma\u00e7\u00e3o real<br \/>\ne duradoura.<\/p>\n<p><strong>\u201cTrazer o Cri.Ativos da Favela para Salvador \u00e9 de extrema import\u00e2ncia para a CUFA Bahia. Temos<\/strong><br \/>\n<strong>grandes talentos que ser\u00e3o lapidados por um time de professores incr\u00edveis, sem contar a<\/strong><br \/>\n<strong>experi\u00eancia pr\u00e1tica que eles viver\u00e3o nos pr\u00f3ximos quatro meses. Acredito que esta ser\u00e1 a<\/strong><br \/>\n<strong>primeira turma de muitas aqui em Salvador\u201d, diz Marcio Lima, presidente da CUFA Bahia.<\/strong><br \/>\n<strong>\u201cAs aulas foram muito impactantes para mim, ver que \u00e9 poss\u00edvel foi o que mais me impressionou,<\/strong><br \/>\n<strong>pensar todo o conceito por tr\u00e1s de projetos t\u00e3o grandes \u00e9 o que me motiva hoje. Tivemos acesso<\/strong><br \/>\n<strong>a profissionais de calibre pesad\u00edssimo\u201d, diz Bernardo Moreira, de 26 anos, que participou da<\/strong><br \/>\n<strong>turma do Cri.Ativos de 2024.<\/strong><\/p>\n<p>As inscri\u00e7\u00f5es j\u00e1 est\u00e3o abertas. Para participar, basta acessar o link:\u00a0<em><strong>https:\/\/forms.gle\/13fYi261cqsYz2hC8<\/strong><\/em><\/p>\n<p>O Cri.Ativos da Favela em Salvador tem patroc\u00ednio do Instituto HEINEKEN e do Governo do Estado da Bahia, atrav\u00e9s do Fazcultura, Secretaria de Cultura e Secretaria da Fazenda.<\/p>\n","protected":false},"excerpt":{"rendered":"<p>Salvador ser\u00e1 palco da nova etapa do Cri.Ativos da Favela, programa que une criatividade, capacita\u00e7\u00e3o e tecnologia para promover oportunidades e perspectivas para jovens com potencial criativo. A trilha ter\u00e1 in\u00edcio em maio, com dura\u00e7\u00e3o de quatro meses e possibilitar\u00e1 que jovens mergulhem no universo do audiovisual e da intelig\u00eancia artificial, desenvolvendo novas habilidades e [&hellip;]<\/p>\n","protected":false},"author":1,"featured_media":13960,"comment_status":"open","ping_status":"closed","sticky":false,"template":"","format":"standard","meta":{"footnotes":""},"categories":[85],"tags":[],"class_list":["post-13958","post","type-post","status-publish","format-standard","has-post-thumbnail","hentry","category-noticias"],"_links":{"self":[{"href":"https:\/\/salvadoracontece.com.br\/index.php\/wp-json\/wp\/v2\/posts\/13958","targetHints":{"allow":["GET"]}}],"collection":[{"href":"https:\/\/salvadoracontece.com.br\/index.php\/wp-json\/wp\/v2\/posts"}],"about":[{"href":"https:\/\/salvadoracontece.com.br\/index.php\/wp-json\/wp\/v2\/types\/post"}],"author":[{"embeddable":true,"href":"https:\/\/salvadoracontece.com.br\/index.php\/wp-json\/wp\/v2\/users\/1"}],"replies":[{"embeddable":true,"href":"https:\/\/salvadoracontece.com.br\/index.php\/wp-json\/wp\/v2\/comments?post=13958"}],"version-history":[{"count":1,"href":"https:\/\/salvadoracontece.com.br\/index.php\/wp-json\/wp\/v2\/posts\/13958\/revisions"}],"predecessor-version":[{"id":13959,"href":"https:\/\/salvadoracontece.com.br\/index.php\/wp-json\/wp\/v2\/posts\/13958\/revisions\/13959"}],"wp:featuredmedia":[{"embeddable":true,"href":"https:\/\/salvadoracontece.com.br\/index.php\/wp-json\/wp\/v2\/media\/13960"}],"wp:attachment":[{"href":"https:\/\/salvadoracontece.com.br\/index.php\/wp-json\/wp\/v2\/media?parent=13958"}],"wp:term":[{"taxonomy":"category","embeddable":true,"href":"https:\/\/salvadoracontece.com.br\/index.php\/wp-json\/wp\/v2\/categories?post=13958"},{"taxonomy":"post_tag","embeddable":true,"href":"https:\/\/salvadoracontece.com.br\/index.php\/wp-json\/wp\/v2\/tags?post=13958"}],"curies":[{"name":"wp","href":"https:\/\/api.w.org\/{rel}","templated":true}]}}