{"id":14003,"date":"2025-05-21T12:03:41","date_gmt":"2025-05-21T15:03:41","guid":{"rendered":"https:\/\/salvadoracontece.com.br\/?p=14003"},"modified":"2025-05-21T12:03:42","modified_gmt":"2025-05-21T15:03:42","slug":"quem-recebe-primeiro-a-restituicao-do-imposto-de-renda-2025-veja-criterios-e-datas","status":"publish","type":"post","link":"https:\/\/salvadoracontece.com.br\/index.php\/2025\/05\/21\/quem-recebe-primeiro-a-restituicao-do-imposto-de-renda-2025-veja-criterios-e-datas\/","title":{"rendered":"Quem recebe primeiro a restitui\u00e7\u00e3o do Imposto de Renda 2025? Veja crit\u00e9rios e datas"},"content":{"rendered":"<p>O cronograma de pagamento da restitui\u00e7\u00e3o do Imposto de Renda segue alguns crit\u00e9rios, como idade do contribuinte e a data de entrega da declara\u00e7\u00e3o. Idosos com idade igual ou superior a 80 anos recebem primeiro. Em seguida, aparece os que t\u00eam mais de 60 anos, deficientes e portadores de mol\u00e9stias graves, como tuberculose. Confira abaixo.<\/p>\n<h2 id=\"intertitulo-lz3u6qxh0i\" class=\"font-family-secondary text-tw-theme-box-titulo-default text-[26px] leading-[38px] font-bold md:text-[31px]\">Fila da restitui\u00e7\u00e3o:<\/h2>\n<div class=\"flex flex-col w-full font-normal text-[18px] leading-[30px] text-tw-theme-text-default\">\n<p id=\"paragrafo-qovwl46h0m\">Contribuintes idosos com idade igual ou superior a 80 anos<\/p>\n<\/div>\n<div class=\"flex flex-col w-full font-normal text-[18px] leading-[30px] text-tw-theme-text-default\">\n<p id=\"paragrafo-8rrkzpb68b\">Contribuintes idosos com idade igual ou superior a 60 anos, pessoa com defici\u00eancia e portadores de mol\u00e9stia grave<\/p>\n<\/div>\n<div class=\"flex flex-col w-full font-normal text-[18px] leading-[30px] text-tw-theme-text-default\">\n<p id=\"paragrafo-osy7iqbx15\">Contribuintes cuja maior fonte de renda seja o magist\u00e9rio<\/p>\n<div class=\"flex flex-col w-full font-normal text-[18px] leading-[30px] text-tw-theme-text-default\">\n<p id=\"paragrafo-c8ylga6fmm\">Contribuintes que utilizaram a pr\u00e9-preenchida e optaram por receber a restitui\u00e7\u00e3o por PIX<\/p>\n<\/div>\n<div class=\"flex flex-col w-full font-normal text-[18px] leading-[30px] text-tw-theme-text-default\">\n<p id=\"paragrafo-nfnqdf86wd\">Demais contribuintes<\/p>\n<\/div>\n<div class=\"flex flex-col w-full\">\n<h2 id=\"intertitulo-j9kxwkcyl3\" class=\"font-family-secondary text-tw-theme-box-titulo-default text-[26px] leading-[38px] font-bold md:text-[31px]\">Datas<\/h2>\n<\/div>\n<div class=\"flex flex-col w-full font-normal text-[18px] leading-[30px] text-tw-theme-text-default\">\n<p id=\"paragrafo-1tt3dazusl\">1\u00ba lote: 30 de maio<\/p>\n<\/div>\n<div class=\"flex flex-col w-full font-normal text-[18px] leading-[30px] text-tw-theme-text-default\">\n<p id=\"paragrafo-j4m8f2lf4j\">2\u00ba lote: 30 de junho<\/p>\n<div class=\"flex flex-col w-full font-normal text-[18px] leading-[30px] text-tw-theme-text-default\">\n<p id=\"paragrafo-k6roinmr45\">3\u00ba lote: 31 de julho<\/p>\n<\/div>\n<div class=\"flex flex-col w-full font-normal text-[18px] leading-[30px] text-tw-theme-text-default\">\n<p id=\"paragrafo-tyigennqug\">4\u00ba lote: 29 de agosto<\/p>\n<\/div>\n<div class=\"flex flex-col w-full font-normal text-[18px] leading-[30px] text-tw-theme-text-default\">\n<p id=\"paragrafo-ly53gs08cz\">5\u00ba e \u00faltimo lote: 30 de setembro<\/p>\n<\/div>\n<\/div>\n<\/div>\n","protected":false},"excerpt":{"rendered":"<p>O cronograma de pagamento da restitui\u00e7\u00e3o do Imposto de Renda segue alguns crit\u00e9rios, como idade do contribuinte e a data de entrega da declara\u00e7\u00e3o. Idosos com idade igual ou superior a 80 anos recebem primeiro. Em seguida, aparece os que t\u00eam mais de 60 anos, deficientes e portadores de mol\u00e9stias graves, como tuberculose. Confira abaixo. [&hellip;]<\/p>\n","protected":false},"author":1,"featured_media":13236,"comment_status":"open","ping_status":"closed","sticky":false,"template":"","format":"standard","meta":{"footnotes":""},"categories":[85],"tags":[],"class_list":["post-14003","post","type-post","status-publish","format-standard","has-post-thumbnail","hentry","category-noticias"],"_links":{"self":[{"href":"https:\/\/salvadoracontece.com.br\/index.php\/wp-json\/wp\/v2\/posts\/14003","targetHints":{"allow":["GET"]}}],"collection":[{"href":"https:\/\/salvadoracontece.com.br\/index.php\/wp-json\/wp\/v2\/posts"}],"about":[{"href":"https:\/\/salvadoracontece.com.br\/index.php\/wp-json\/wp\/v2\/types\/post"}],"author":[{"embeddable":true,"href":"https:\/\/salvadoracontece.com.br\/index.php\/wp-json\/wp\/v2\/users\/1"}],"replies":[{"embeddable":true,"href":"https:\/\/salvadoracontece.com.br\/index.php\/wp-json\/wp\/v2\/comments?post=14003"}],"version-history":[{"count":1,"href":"https:\/\/salvadoracontece.com.br\/index.php\/wp-json\/wp\/v2\/posts\/14003\/revisions"}],"predecessor-version":[{"id":14004,"href":"https:\/\/salvadoracontece.com.br\/index.php\/wp-json\/wp\/v2\/posts\/14003\/revisions\/14004"}],"wp:featuredmedia":[{"embeddable":true,"href":"https:\/\/salvadoracontece.com.br\/index.php\/wp-json\/wp\/v2\/media\/13236"}],"wp:attachment":[{"href":"https:\/\/salvadoracontece.com.br\/index.php\/wp-json\/wp\/v2\/media?parent=14003"}],"wp:term":[{"taxonomy":"category","embeddable":true,"href":"https:\/\/salvadoracontece.com.br\/index.php\/wp-json\/wp\/v2\/categories?post=14003"},{"taxonomy":"post_tag","embeddable":true,"href":"https:\/\/salvadoracontece.com.br\/index.php\/wp-json\/wp\/v2\/tags?post=14003"}],"curies":[{"name":"wp","href":"https:\/\/api.w.org\/{rel}","templated":true}]}}