{"id":14074,"date":"2025-05-28T17:24:46","date_gmt":"2025-05-28T20:24:46","guid":{"rendered":"https:\/\/salvadoracontece.com.br\/?p=14074"},"modified":"2025-05-28T17:24:46","modified_gmt":"2025-05-28T20:24:46","slug":"sos-bahia-deputado-e-convidados-debatem-a-seguranca-publica-na-capital-baiana","status":"publish","type":"post","link":"https:\/\/salvadoracontece.com.br\/index.php\/2025\/05\/28\/sos-bahia-deputado-e-convidados-debatem-a-seguranca-publica-na-capital-baiana\/","title":{"rendered":"SOS Bahia: deputado e convidados debatem a Seguran\u00e7a P\u00fablica na capital baiana"},"content":{"rendered":"<p>Diante dos \u00edndices de viol\u00eancia na Bahia \u2014 l\u00edder nacional em homic\u00eddios segundo o Atlas da Viol\u00eancia 2025 \u2014 o deputado federal Capit\u00e3o Alden (PL-BA) foi convidado para participar, no pr\u00f3ximo dia 5 de junho, \u00e0s 18h, no Hotel Fiesta, em Salvador, do evento \u201cSOS Bahia \u2013 Caminhos para mudar a Seguran\u00e7a P\u00fablica do nosso estado\u201d.<\/p>\n<p>A iniciativa \u00e9 da Funda\u00e7\u00e3o \u00cdndigo e reunir\u00e1 especialistas de renome nacional para discutir solu\u00e7\u00f5es para a crise na \u00e1rea.<\/p>\n<p>Membro titular da Comiss\u00e3o de Seguran\u00e7a P\u00fablica e Combate ao Crime Organizado e com atua\u00e7\u00e3o destacada no tema, Alden v\u00ea o encontro como uma oportunidade de mobilizar a sociedade. \u201cA inseguran\u00e7a p\u00fablica afeta diretamente a vida do cidad\u00e3o baiano. Muitos evitam sair \u00e0 noite, mudam rotas, vivem em constante alerta. Isso impacta a economia, a sa\u00fade, a educa\u00e7\u00e3o e o bem-estar da popula\u00e7\u00e3o. Mas a Bahia tem jeito \u2014 precisamos de uma mudan\u00e7a urgente de postura\u201d, afirmou o parlamentar.<\/p>\n<p>Entre os convidados, al\u00e9m de Alden, est\u00e3o o ex-policial do BOPE Rodrigo Pimentel \u2014 que inspirou o personagem Capit\u00e3o Nascimento e hoje \u00e9 palestrante e youtuber \u2014 e o comentarista pol\u00edtico Caio Coppolla. A entrada \u00e9 gratuita, mediante inscri\u00e7\u00e3o no site da Funda\u00e7\u00e3o \u00cdndigo.<\/p>\n<p>\u201cO Anu\u00e1rio Brasileiro de Seguran\u00e7a P\u00fablica e outras institui\u00e7\u00f5es mostram um cen\u00e1rio de terra arrasada na Bahia. Mas ainda h\u00e1 luz no fim do t\u00fanel. Quem participar do SOS Bahia sair\u00e1 com uma nova vis\u00e3o sobre seguran\u00e7a p\u00fablica\u201d, acrescentou Alden.<\/p>\n<p><strong>Servi\u00e7o<\/strong><\/p>\n<p><strong>SOS Bahia \u2013 Caminhos para mudar a Seguran\u00e7a P\u00fablica do nosso estado<\/strong><\/p>\n<p>Data: 05\/06\/2025<br \/>\nLocal: Hotel Fiesta, Itaigara, Salvador<br \/>\nHor\u00e1rio: 18h<br \/>\nEntrada: Gratuita<\/p>\n","protected":false},"excerpt":{"rendered":"<p>Diante dos \u00edndices de viol\u00eancia na Bahia \u2014 l\u00edder nacional em homic\u00eddios segundo o Atlas da Viol\u00eancia 2025 \u2014 o deputado federal Capit\u00e3o Alden (PL-BA) foi convidado para participar, no pr\u00f3ximo dia 5 de junho, \u00e0s 18h, no Hotel Fiesta, em Salvador, do evento \u201cSOS Bahia \u2013 Caminhos para mudar a Seguran\u00e7a P\u00fablica do nosso [&hellip;]<\/p>\n","protected":false},"author":1,"featured_media":14076,"comment_status":"open","ping_status":"closed","sticky":false,"template":"","format":"standard","meta":{"footnotes":""},"categories":[85],"tags":[],"class_list":["post-14074","post","type-post","status-publish","format-standard","has-post-thumbnail","hentry","category-noticias"],"_links":{"self":[{"href":"https:\/\/salvadoracontece.com.br\/index.php\/wp-json\/wp\/v2\/posts\/14074","targetHints":{"allow":["GET"]}}],"collection":[{"href":"https:\/\/salvadoracontece.com.br\/index.php\/wp-json\/wp\/v2\/posts"}],"about":[{"href":"https:\/\/salvadoracontece.com.br\/index.php\/wp-json\/wp\/v2\/types\/post"}],"author":[{"embeddable":true,"href":"https:\/\/salvadoracontece.com.br\/index.php\/wp-json\/wp\/v2\/users\/1"}],"replies":[{"embeddable":true,"href":"https:\/\/salvadoracontece.com.br\/index.php\/wp-json\/wp\/v2\/comments?post=14074"}],"version-history":[{"count":1,"href":"https:\/\/salvadoracontece.com.br\/index.php\/wp-json\/wp\/v2\/posts\/14074\/revisions"}],"predecessor-version":[{"id":14075,"href":"https:\/\/salvadoracontece.com.br\/index.php\/wp-json\/wp\/v2\/posts\/14074\/revisions\/14075"}],"wp:featuredmedia":[{"embeddable":true,"href":"https:\/\/salvadoracontece.com.br\/index.php\/wp-json\/wp\/v2\/media\/14076"}],"wp:attachment":[{"href":"https:\/\/salvadoracontece.com.br\/index.php\/wp-json\/wp\/v2\/media?parent=14074"}],"wp:term":[{"taxonomy":"category","embeddable":true,"href":"https:\/\/salvadoracontece.com.br\/index.php\/wp-json\/wp\/v2\/categories?post=14074"},{"taxonomy":"post_tag","embeddable":true,"href":"https:\/\/salvadoracontece.com.br\/index.php\/wp-json\/wp\/v2\/tags?post=14074"}],"curies":[{"name":"wp","href":"https:\/\/api.w.org\/{rel}","templated":true}]}}