{"id":14079,"date":"2025-05-29T16:26:07","date_gmt":"2025-05-29T19:26:07","guid":{"rendered":"https:\/\/salvadoracontece.com.br\/?p=14079"},"modified":"2025-05-29T16:26:07","modified_gmt":"2025-05-29T19:26:07","slug":"salvador-e-um-dos-destinos-mais-procurados-para-o-dia-dos-namorados-diz-pesquisa","status":"publish","type":"post","link":"https:\/\/salvadoracontece.com.br\/index.php\/2025\/05\/29\/salvador-e-um-dos-destinos-mais-procurados-para-o-dia-dos-namorados-diz-pesquisa\/","title":{"rendered":"Salvador \u00e9 um dos destinos mais procurados para o Dia dos Namorados, diz pesquisa"},"content":{"rendered":"<p>O Dia dos Namorados est\u00e1 movimentando o setor de turismo no Brasil, e Salvador se destaca como um dos destinos mais desejados pelos casais. Segundo levantamento da plataforma de buscas Kayak, a capital baiana ocupa a 7\u00aa coloca\u00e7\u00e3o entre os locais mais procurados para viagens rom\u00e2nticas no per\u00edodo de 7 a 12 de junho.<\/p>\n<p>A pesquisa revela que grande parte das buscas est\u00e1 concentrada em cidades litor\u00e2neas \u2014 especialmente do Nordeste \u2014, onde o clima ameno, a gastronomia regional e as paisagens naturais oferecem o cen\u00e1rio ideal para casais que desejam celebrar a data longe da rotina.<\/p>\n<p>Outro fator que contribui para o aumento na procura \u00e9 o fato de junho coincidir com a baixa temporada, o que garante tarifas mais acess\u00edveis e menor fluxo de turistas, criando um ambiente mais tranquilo e intimista para quem busca momentos a dois.<\/p>\n<p><strong>Veja os 10 destinos mais buscados para o Dia dos Namorados:<\/strong><\/p>\n<p>1- S\u00e3o Paulo<br \/>\n2- Rio de Janeiro<br \/>\n3- Recife<br \/>\n4- Santiago (Chile)<br \/>\n5- Porto Alegre<br \/>\n6- Fortaleza<br \/>\n7- Salvador<br \/>\n8- Macei\u00f3<br \/>\n9- S\u00e3o Lu\u00eds<br \/>\n10- Jo\u00e3o Pessoa<\/p>\n<p>Al\u00e9m do charme hist\u00f3rico e das praias urbanas, Salvador atrai visitantes por sua cena cultural vibrante e pelas op\u00e7\u00f5es variadas de hospedagem para todos os perfis. A expectativa \u00e9 de alta ocupa\u00e7\u00e3o hoteleira na capital durante o per\u00edodo.<\/p>\n","protected":false},"excerpt":{"rendered":"<p>O Dia dos Namorados est\u00e1 movimentando o setor de turismo no Brasil, e Salvador se destaca como um dos destinos mais desejados pelos casais. Segundo levantamento da plataforma de buscas Kayak, a capital baiana ocupa a 7\u00aa coloca\u00e7\u00e3o entre os locais mais procurados para viagens rom\u00e2nticas no per\u00edodo de 7 a 12 de junho. A [&hellip;]<\/p>\n","protected":false},"author":1,"featured_media":14081,"comment_status":"open","ping_status":"closed","sticky":false,"template":"","format":"standard","meta":{"footnotes":""},"categories":[112],"tags":[],"class_list":["post-14079","post","type-post","status-publish","format-standard","has-post-thumbnail","hentry","category-turismo"],"_links":{"self":[{"href":"https:\/\/salvadoracontece.com.br\/index.php\/wp-json\/wp\/v2\/posts\/14079","targetHints":{"allow":["GET"]}}],"collection":[{"href":"https:\/\/salvadoracontece.com.br\/index.php\/wp-json\/wp\/v2\/posts"}],"about":[{"href":"https:\/\/salvadoracontece.com.br\/index.php\/wp-json\/wp\/v2\/types\/post"}],"author":[{"embeddable":true,"href":"https:\/\/salvadoracontece.com.br\/index.php\/wp-json\/wp\/v2\/users\/1"}],"replies":[{"embeddable":true,"href":"https:\/\/salvadoracontece.com.br\/index.php\/wp-json\/wp\/v2\/comments?post=14079"}],"version-history":[{"count":1,"href":"https:\/\/salvadoracontece.com.br\/index.php\/wp-json\/wp\/v2\/posts\/14079\/revisions"}],"predecessor-version":[{"id":14080,"href":"https:\/\/salvadoracontece.com.br\/index.php\/wp-json\/wp\/v2\/posts\/14079\/revisions\/14080"}],"wp:featuredmedia":[{"embeddable":true,"href":"https:\/\/salvadoracontece.com.br\/index.php\/wp-json\/wp\/v2\/media\/14081"}],"wp:attachment":[{"href":"https:\/\/salvadoracontece.com.br\/index.php\/wp-json\/wp\/v2\/media?parent=14079"}],"wp:term":[{"taxonomy":"category","embeddable":true,"href":"https:\/\/salvadoracontece.com.br\/index.php\/wp-json\/wp\/v2\/categories?post=14079"},{"taxonomy":"post_tag","embeddable":true,"href":"https:\/\/salvadoracontece.com.br\/index.php\/wp-json\/wp\/v2\/tags?post=14079"}],"curies":[{"name":"wp","href":"https:\/\/api.w.org\/{rel}","templated":true}]}}