{"id":14082,"date":"2025-05-29T16:44:26","date_gmt":"2025-05-29T19:44:26","guid":{"rendered":"https:\/\/salvadoracontece.com.br\/?p=14082"},"modified":"2025-05-29T16:44:26","modified_gmt":"2025-05-29T19:44:26","slug":"prefeitura-se-reune-com-fifa-para-discutir-fan-fest-da-copa-do-mundo-feminina","status":"publish","type":"post","link":"https:\/\/salvadoracontece.com.br\/index.php\/2025\/05\/29\/prefeitura-se-reune-com-fifa-para-discutir-fan-fest-da-copa-do-mundo-feminina\/","title":{"rendered":"Prefeitura se re\u00fane com Fifa para discutir Fan Fest da Copa do Mundo Feminina"},"content":{"rendered":"<p>A Prefeitura de Salvador se reuniu pela primeira vez nesta quinta-feira (29) com representantes da Fifa para tratar da organiza\u00e7\u00e3o da Fan Fest na capital baiana durante a Copa do Mundo Feminina de 2027.<\/p>\n<p>O encontro foi realizado no pr\u00e9dio da Secretaria Municipal de Cultura e Turismo (Secult) e marcou o in\u00edcio das tratativas para viabilizar o festival na cidade, com o objetivo de reunir torcedores, moradores e turistas durante o Mundial, cuja sede no Brasil foi confirmada em maio, tendo Salvador como uma das oito cidades escolhidas.<\/p>\n<p>Participaram da reuni\u00e3o o secret\u00e1rio de Promo\u00e7\u00e3o Social, Combate \u00e0 Pobreza, Esportes e Lazer (Sempre), J\u00fanior Magalh\u00e3es; o secret\u00e1rio municipal de Ordem P\u00fablica (Semop), D\u00e9cio Martins; o presidente da Empresa Salvador Turismo (Saltur), Isaac Edington; o subsecret\u00e1rio da Secretaria Municipal de Mobilidade (Semob), Marcus Passos; o presidente da Funda\u00e7\u00e3o Greg\u00f3rio de Mattos (FGM), Fernando Guerreiro; entre outras autoridades municipais. A Fifa foi representada pelo gerente de marketing da entidade, Boris Mallaschofsky.<\/p>\n<p>Ap\u00f3s o encontro, a comitiva visitou o Farol da Barra, que \u00e9 o local cotado para receber a Fifa Fan Fest em Salvador. O secret\u00e1rio J\u00fanior Magalh\u00e3es pontuou a prepara\u00e7\u00e3o da cidade para receber os eventos ligados \u00e0 Copa do Mundo Feminina.<\/p>\n<p>\u201cSalvador est\u00e1 pronta para receber de bra\u00e7os abertos os t\u00e9cnicos, atletas e turistas que vir\u00e3o participar da Copa do Mundo Feminina da Fifa 2027. Nossa capital tem se preparado com responsabilidade e entusiasmo, investindo fortemente em infraestrutura, mobilidade urbana, hospitalidade e em iniciativas sociais, garantindo uma experi\u00eancia acolhedora, segura e inesquec\u00edvel para todos\u201d, disse.<\/p>\n<p>\u201cNo campo da cultura e do entretenimento, Salvador \u00e9 refer\u00eancia. Estamos plenamente preparados para sediar as fan fests e demais celebra\u00e7\u00f5es que acompanham um evento dessa magnitude. A cidade tem vasta experi\u00eancia na realiza\u00e7\u00e3o de grandes eventos, como o Carnaval, o Festival da Virada, al\u00e9m das exitosas passagens da Copa do Mundo de 2014, Copa das Confedera\u00e7\u00f5es de 2013 e dos Jogos Ol\u00edmpicos Rio 2016. Com toda a nossa diversidade, alegria e capacidade de organiza\u00e7\u00e3o, Salvador reafirma seu compromisso em fazer da Copa do Mundo Feminina de 2027 um marco de excel\u00eancia, celebra\u00e7\u00e3o e inclus\u00e3o\u201d, completou J\u00fanior Magalh\u00e3es.<\/p>\n<p>O presidente da Saltur, Isaac Edington, tamb\u00e9m ressaltou a estrutura e experi\u00eancia da cidade na recep\u00e7\u00e3o de grandes eventos. \u201cHoje tivemos uma reuni\u00e3o muito produtiva, avaliando os espa\u00e7os dispon\u00edveis na cidade para a poss\u00edvel realiza\u00e7\u00e3o do Fifa Fan Fest, um evento de grande relev\u00e2ncia. Salvador tem expertise na organiza\u00e7\u00e3o de grandes eventos, como demonstrou durante a Copa de 2014, e est\u00e1 plenamente preparada para sediar novamente uma iniciativa desse porte. O Fifa Fan Fest tem dimens\u00e3o global, \u00e9 uma vitrine para promover a cidade internacionalmente e faz parte do maior evento esportivo do mundo. Junto com a equipe do secret\u00e1rio J\u00fanior Magalh\u00e3es, recebemos os membros do comit\u00ea da Fifa e discutimos detalhes importantes para viabilizar a realiza\u00e7\u00e3o do evento aqui em Salvador\u201d, declarou.<\/p>\n<div>\n<div>\n<div class=\"trv-player-container\">\n<div class=\"trv-wrapper\">\n<div id=\"br_video_player_76f4bf489e47f87d89784c7038b0f39dc3c659f9\" class=\"trvd_video_player trvdinstream\">\n<div class=\"media-player\">\n<div class=\"trv-video\">\n<div id=\"truvid_ima_container79051\" class=\"truvid_ima_container trv-ima-container-hidden\">\n<p>Representando a Fifa, Boris Mallaschofsky explicou o papel do Fifa Fan Fest no contexto do Mundial. \u201cOs ingressos para a Copa do Mundo s\u00e3o limitados, ent\u00e3o essa \u00e9 uma iniciativa que visa trazer a Copa do Mundo mais pr\u00f3xima da comunidade. O Fifa Fan Fest \u00e9 um evento oficial da Copa do Mundo feminina e usa essa conex\u00e3o de maneira bem forte. De alguns anos para c\u00e1, o projeto evoluiu muito e hoje o Fifa Fan Fest \u00e9 reconhecido e as pessoas j\u00e1 sabem o que esperar do evento\u201d, disse.<\/p>\n<p>A reuni\u00e3o ocorre dias ap\u00f3s uma equipe t\u00e9cnica da Fifa realizar uma vistoria na Arena Fonte Nova, em Salvador. Essa foi a primeira visita oficial da entidade ap\u00f3s a confirma\u00e7\u00e3o da capital baiana entre as cidades-sede da Copa do Mundo Feminina de 2027. Na ocasi\u00e3o, a chefe do departamento da Copa do Mundo feminina da Fifa, Rhiannon Martin, afirmou que o est\u00e1dio baiano vai receber, no m\u00ednimo, cinco partidas do torneio.<\/p>\n<\/div>\n<\/div>\n<\/div>\n<\/div>\n<\/div>\n<\/div>\n<\/div>\n<\/div>\n","protected":false},"excerpt":{"rendered":"<p>A Prefeitura de Salvador se reuniu pela primeira vez nesta quinta-feira (29) com representantes da Fifa para tratar da organiza\u00e7\u00e3o da Fan Fest na capital baiana durante a Copa do Mundo Feminina de 2027. O encontro foi realizado no pr\u00e9dio da Secretaria Municipal de Cultura e Turismo (Secult) e marcou o in\u00edcio das tratativas para [&hellip;]<\/p>\n","protected":false},"author":1,"featured_media":14084,"comment_status":"open","ping_status":"closed","sticky":false,"template":"","format":"standard","meta":{"footnotes":""},"categories":[85],"tags":[],"class_list":["post-14082","post","type-post","status-publish","format-standard","has-post-thumbnail","hentry","category-noticias"],"_links":{"self":[{"href":"https:\/\/salvadoracontece.com.br\/index.php\/wp-json\/wp\/v2\/posts\/14082","targetHints":{"allow":["GET"]}}],"collection":[{"href":"https:\/\/salvadoracontece.com.br\/index.php\/wp-json\/wp\/v2\/posts"}],"about":[{"href":"https:\/\/salvadoracontece.com.br\/index.php\/wp-json\/wp\/v2\/types\/post"}],"author":[{"embeddable":true,"href":"https:\/\/salvadoracontece.com.br\/index.php\/wp-json\/wp\/v2\/users\/1"}],"replies":[{"embeddable":true,"href":"https:\/\/salvadoracontece.com.br\/index.php\/wp-json\/wp\/v2\/comments?post=14082"}],"version-history":[{"count":1,"href":"https:\/\/salvadoracontece.com.br\/index.php\/wp-json\/wp\/v2\/posts\/14082\/revisions"}],"predecessor-version":[{"id":14083,"href":"https:\/\/salvadoracontece.com.br\/index.php\/wp-json\/wp\/v2\/posts\/14082\/revisions\/14083"}],"wp:featuredmedia":[{"embeddable":true,"href":"https:\/\/salvadoracontece.com.br\/index.php\/wp-json\/wp\/v2\/media\/14084"}],"wp:attachment":[{"href":"https:\/\/salvadoracontece.com.br\/index.php\/wp-json\/wp\/v2\/media?parent=14082"}],"wp:term":[{"taxonomy":"category","embeddable":true,"href":"https:\/\/salvadoracontece.com.br\/index.php\/wp-json\/wp\/v2\/categories?post=14082"},{"taxonomy":"post_tag","embeddable":true,"href":"https:\/\/salvadoracontece.com.br\/index.php\/wp-json\/wp\/v2\/tags?post=14082"}],"curies":[{"name":"wp","href":"https:\/\/api.w.org\/{rel}","templated":true}]}}