{"id":14353,"date":"2025-06-30T18:13:31","date_gmt":"2025-06-30T21:13:31","guid":{"rendered":"https:\/\/salvadoracontece.com.br\/?p=14353"},"modified":"2025-06-30T18:13:32","modified_gmt":"2025-06-30T21:13:32","slug":"festejos-do-2-de-julho-alteram-transito-em-salvador-a-partir-desta-terca-feira-1o","status":"publish","type":"post","link":"https:\/\/salvadoracontece.com.br\/index.php\/2025\/06\/30\/festejos-do-2-de-julho-alteram-transito-em-salvador-a-partir-desta-terca-feira-1o\/","title":{"rendered":"Festejos do 2 de Julho alteram tr\u00e2nsito em Salvador a partir desta ter\u00e7a-feira (1\u00ba)"},"content":{"rendered":"<p data-start=\"351\" data-end=\"792\">O tr\u00e2nsito em Salvador passar\u00e1 por mudan\u00e7as a partir desta ter\u00e7a-feira (1\u00ba) por conta das celebra\u00e7\u00f5es da Independ\u00eancia da Bahia, comemorada em 2 de Julho. A Superintend\u00eancia de Tr\u00e2nsito de Salvador (Transalvador) organizou uma opera\u00e7\u00e3o especial que contar\u00e1 com cerca de 140 agentes para ordenar o fluxo de ve\u00edculos e orientar pedestres e passageiros durante a programa\u00e7\u00e3o nos bairros da Lapinha, Piraj\u00e1 e Campo Grande.<\/p>\n<p data-start=\"794\" data-end=\"1005\">Na ter\u00e7a (1\u00ba), ser\u00e1 proibido o estacionamento de ve\u00edculos na Rua Oito de Novembro, no bairro de Piraj\u00e1, nas proximidades do Largo do Pantheon, das 7h \u00e0s 19h. O tr\u00e1fego na regi\u00e3o ser\u00e1 monitorado a partir das 15h.<\/p>\n<p data-start=\"1007\" data-end=\"1304\">Ainda na noite do dia 1\u00ba, a partir das 22h, ser\u00e3o implantadas barreiras fixas em pontos estrat\u00e9gicos, como a Rua Brigadeiro Pessoa da Silva, Rua S\u00e3o Jos\u00e9 de Cima, Largo de \u00c1gua de Meninos, Rua dos Perd\u00f5es, Rua do Tabo\u00e3o, Rua Carlos Gomes, Avenida Sete de Setembro e Pra\u00e7a da Piedade, entre outros.<\/p>\n<p data-start=\"1306\" data-end=\"1579\">J\u00e1 na quarta-feira (2), a partir das 5h, entram em a\u00e7\u00e3o as barreiras m\u00f3veis em vias como Estrada da Liberdade, Rua Saldanha Marinho, Largo da Soledade, Rua Vital R\u00eago, Rua Em\u00eddio dos Santos, Rua dos Marchantes, Largo do Terreiro de Jesus e Rua Jos\u00e9 Gon\u00e7alves, entre outras.<\/p>\n<p data-start=\"1581\" data-end=\"1976\">A partir da meia-noite do dia 2, estar\u00e1 proibida a circula\u00e7\u00e3o e o estacionamento de ve\u00edculos em diversas vias, incluindo: Largo da Lapinha, Corredor da Lapinha, Largo da Soledade, Ladeira da Soledade, Rua dos Perd\u00f5es, Largo da Quitandinha do Capim, Ladeira do Boqueir\u00e3o, Largo da Cruz do Pascoal, Rua do Carmo, Rua do Passo, Terreiro de Jesus, Pra\u00e7a da S\u00e9, Rua da Miseric\u00f3rdia e Pra\u00e7a Municipal.<\/p>\n<p data-start=\"1978\" data-end=\"2353\">Tamb\u00e9m no dia 2, a partir das 5h, ser\u00e1 proibido estacionar em vias como Pra\u00e7a Municipal, Rua Chile, Pra\u00e7a Castro Alves, Avenida Sete de Setembro (nos trechos S\u00e3o Bento, S\u00e3o Pedro, Piedade, Ros\u00e1rio, Merc\u00eas e Passeio P\u00fablico) e Largo do Campo Grande. J\u00e1 a partir das 13h, a circula\u00e7\u00e3o de ve\u00edculos nesses locais estar\u00e1 suspensa devido \u00e0 realiza\u00e7\u00e3o do tradicional cortejo c\u00edvico.<\/p>\n<p data-start=\"2355\" data-end=\"2621\">Nesse hor\u00e1rio, novas barreiras m\u00f3veis ser\u00e3o posicionadas em locais como Rua Pinto Martins, Ladeira da Montanha, Rua Carlos Gomes, Largo dos Aflitos, Avenida Sete de Setembro, Largo do Campo Grande, Rua Leovigildo Filgueiras, Politeama de Baixo e Pra\u00e7a Lord Cochrane.<\/p>\n<p data-start=\"2623\" data-end=\"2836\">Durante o per\u00edodo de interdi\u00e7\u00f5es, motoristas dever\u00e3o utilizar rotas alternativas, como a Rua 24 de Agosto e a Rua Oscar Seixas. Os \u00f4nibus do Sistema de Transporte Coletivo dever\u00e3o operar pelo terminal da Rua Nova.<\/p>\n<p data-start=\"2838\" data-end=\"2981\" data-is-last-node=\"\" data-is-only-node=\"\">Acesso \u00e0s \u00e1reas interditadas ser\u00e1 permitido apenas para moradores mediante comprova\u00e7\u00e3o de resid\u00eancia, como contas de \u00e1gua, energia ou telefone.<\/p>\n","protected":false},"excerpt":{"rendered":"<p>O tr\u00e2nsito em Salvador passar\u00e1 por mudan\u00e7as a partir desta ter\u00e7a-feira (1\u00ba) por conta das celebra\u00e7\u00f5es da Independ\u00eancia da Bahia, comemorada em 2 de Julho. A Superintend\u00eancia de Tr\u00e2nsito de Salvador (Transalvador) organizou uma opera\u00e7\u00e3o especial que contar\u00e1 com cerca de 140 agentes para ordenar o fluxo de ve\u00edculos e orientar pedestres e passageiros durante [&hellip;]<\/p>\n","protected":false},"author":1,"featured_media":14355,"comment_status":"open","ping_status":"closed","sticky":false,"template":"","format":"standard","meta":{"footnotes":""},"categories":[182],"tags":[],"class_list":["post-14353","post","type-post","status-publish","format-standard","has-post-thumbnail","hentry","category-transalvador"],"_links":{"self":[{"href":"https:\/\/salvadoracontece.com.br\/index.php\/wp-json\/wp\/v2\/posts\/14353","targetHints":{"allow":["GET"]}}],"collection":[{"href":"https:\/\/salvadoracontece.com.br\/index.php\/wp-json\/wp\/v2\/posts"}],"about":[{"href":"https:\/\/salvadoracontece.com.br\/index.php\/wp-json\/wp\/v2\/types\/post"}],"author":[{"embeddable":true,"href":"https:\/\/salvadoracontece.com.br\/index.php\/wp-json\/wp\/v2\/users\/1"}],"replies":[{"embeddable":true,"href":"https:\/\/salvadoracontece.com.br\/index.php\/wp-json\/wp\/v2\/comments?post=14353"}],"version-history":[{"count":1,"href":"https:\/\/salvadoracontece.com.br\/index.php\/wp-json\/wp\/v2\/posts\/14353\/revisions"}],"predecessor-version":[{"id":14354,"href":"https:\/\/salvadoracontece.com.br\/index.php\/wp-json\/wp\/v2\/posts\/14353\/revisions\/14354"}],"wp:featuredmedia":[{"embeddable":true,"href":"https:\/\/salvadoracontece.com.br\/index.php\/wp-json\/wp\/v2\/media\/14355"}],"wp:attachment":[{"href":"https:\/\/salvadoracontece.com.br\/index.php\/wp-json\/wp\/v2\/media?parent=14353"}],"wp:term":[{"taxonomy":"category","embeddable":true,"href":"https:\/\/salvadoracontece.com.br\/index.php\/wp-json\/wp\/v2\/categories?post=14353"},{"taxonomy":"post_tag","embeddable":true,"href":"https:\/\/salvadoracontece.com.br\/index.php\/wp-json\/wp\/v2\/tags?post=14353"}],"curies":[{"name":"wp","href":"https:\/\/api.w.org\/{rel}","templated":true}]}}