{"id":15080,"date":"2025-10-08T10:38:26","date_gmt":"2025-10-08T13:38:26","guid":{"rendered":"https:\/\/salvadoracontece.com.br\/?p=15080"},"modified":"2025-10-08T10:38:26","modified_gmt":"2025-10-08T13:38:26","slug":"cms-concede-medalha-thome-de-souza-ao-primeiro-bispo-negro-nascido-em-salvador","status":"publish","type":"post","link":"https:\/\/salvadoracontece.com.br\/index.php\/2025\/10\/08\/cms-concede-medalha-thome-de-souza-ao-primeiro-bispo-negro-nascido-em-salvador\/","title":{"rendered":"CMS concede Medalha Thom\u00e9 de Souza ao primeiro bispo negro nascido em Salvador"},"content":{"rendered":"<div class=\"materia\">\n<div class=\"conteudo_post\">\n<p>A Mesa Executiva da\u00a0<strong>C\u00e2mara Municipal de Salvador<\/strong>\u00a0aprovou a concess\u00e3o da\u00a0<strong>Medalha Thom\u00e9 de Souza<\/strong>\u00a0ao bispo\u00a0<strong>Dom Gabriel dos Santos Filho<\/strong>, o primeiro bispo negro nascido na capital baiana. A honraria \u00e9 uma das mais altas do Legislativo soteropolitano e reconhece personalidades que se destacam por sua contribui\u00e7\u00e3o \u00e0 sociedade e \u00e0 cidade.<\/p>\n<p>Dom Gabriel foi ordenado bispo em 13 de setembro deste ano, em cerim\u00f4nia realizada na\u00a0<strong>Catedral Bas\u00edlica do Sant\u00edssimo Salvador<\/strong>, no Centro Hist\u00f3rico, presidida pelo arcebispo metropolitano e primaz do Brasil,\u00a0<strong>cardeal Dom Sergio da Rocha<\/strong>. A nomea\u00e7\u00e3o do religioso foi feita pelo\u00a0<strong>Papa Le\u00e3o XIV<\/strong>.<\/p>\n<p>Natural de Salvador, Gabriel dos Santos Filho formou-se na Igreja Particular da Arquidiocese, onde atuou em diferentes miss\u00f5es e servi\u00e7os pastorais ao longo de sua trajet\u00f3ria.<\/p>\n<p>A entrega da medalha ser\u00e1 realizada em sess\u00e3o solene no plen\u00e1rio da C\u00e2mara, em data ainda a ser definida. A proposta de homenagem foi apresentada e aprovada pela Mesa Diretora, em reconhecimento \u00e0 relev\u00e2ncia hist\u00f3rica da ordena\u00e7\u00e3o e \u00e0 representatividade de Dom Gabriel para a Igreja e para o povo de Salvador.<\/p>\n<\/div>\n<\/div>\n","protected":false},"excerpt":{"rendered":"<p>A Mesa Executiva da\u00a0C\u00e2mara Municipal de Salvador\u00a0aprovou a concess\u00e3o da\u00a0Medalha Thom\u00e9 de Souza\u00a0ao bispo\u00a0Dom Gabriel dos Santos Filho, o primeiro bispo negro nascido na capital baiana. A honraria \u00e9 uma das mais altas do Legislativo soteropolitano e reconhece personalidades que se destacam por sua contribui\u00e7\u00e3o \u00e0 sociedade e \u00e0 cidade. Dom Gabriel foi ordenado bispo [&hellip;]<\/p>\n","protected":false},"author":1,"featured_media":15082,"comment_status":"open","ping_status":"closed","sticky":false,"template":"","format":"standard","meta":{"footnotes":""},"categories":[85],"tags":[],"class_list":["post-15080","post","type-post","status-publish","format-standard","has-post-thumbnail","hentry","category-noticias"],"_links":{"self":[{"href":"https:\/\/salvadoracontece.com.br\/index.php\/wp-json\/wp\/v2\/posts\/15080","targetHints":{"allow":["GET"]}}],"collection":[{"href":"https:\/\/salvadoracontece.com.br\/index.php\/wp-json\/wp\/v2\/posts"}],"about":[{"href":"https:\/\/salvadoracontece.com.br\/index.php\/wp-json\/wp\/v2\/types\/post"}],"author":[{"embeddable":true,"href":"https:\/\/salvadoracontece.com.br\/index.php\/wp-json\/wp\/v2\/users\/1"}],"replies":[{"embeddable":true,"href":"https:\/\/salvadoracontece.com.br\/index.php\/wp-json\/wp\/v2\/comments?post=15080"}],"version-history":[{"count":1,"href":"https:\/\/salvadoracontece.com.br\/index.php\/wp-json\/wp\/v2\/posts\/15080\/revisions"}],"predecessor-version":[{"id":15081,"href":"https:\/\/salvadoracontece.com.br\/index.php\/wp-json\/wp\/v2\/posts\/15080\/revisions\/15081"}],"wp:featuredmedia":[{"embeddable":true,"href":"https:\/\/salvadoracontece.com.br\/index.php\/wp-json\/wp\/v2\/media\/15082"}],"wp:attachment":[{"href":"https:\/\/salvadoracontece.com.br\/index.php\/wp-json\/wp\/v2\/media?parent=15080"}],"wp:term":[{"taxonomy":"category","embeddable":true,"href":"https:\/\/salvadoracontece.com.br\/index.php\/wp-json\/wp\/v2\/categories?post=15080"},{"taxonomy":"post_tag","embeddable":true,"href":"https:\/\/salvadoracontece.com.br\/index.php\/wp-json\/wp\/v2\/tags?post=15080"}],"curies":[{"name":"wp","href":"https:\/\/api.w.org\/{rel}","templated":true}]}}