{"id":15083,"date":"2025-10-08T11:15:19","date_gmt":"2025-10-08T14:15:19","guid":{"rendered":"https:\/\/salvadoracontece.com.br\/?p=15083"},"modified":"2025-10-08T11:15:20","modified_gmt":"2025-10-08T14:15:20","slug":"sussuarana-kids-leva-alegria-e-diversao-para-a-comunidade-no-dia-das-criancas","status":"publish","type":"post","link":"https:\/\/salvadoracontece.com.br\/index.php\/2025\/10\/08\/sussuarana-kids-leva-alegria-e-diversao-para-a-comunidade-no-dia-das-criancas\/","title":{"rendered":"Sussuarana Kids leva alegria e divers\u00e3o para a comunidade no Dia das Crian\u00e7as"},"content":{"rendered":"<div class=\"md:px-15\">\n<div class=\"prose-lg\">\n<p>No pr\u00f3ximo dia 12 de outubro, a partir das 13h, a comunidade de Nova Sussuarana se transforma em um espa\u00e7o de celebra\u00e7\u00e3o e alegria com a chegada da festa Sussuarana Kids, evento dedicado ao Dia das Crian\u00e7as. A iniciativa promete reunir moradores de todas as idades em uma tarde repleta de atividades recreativas e culturais.<\/p>\n<p>Organizado pelo Coletivo de Jovens de Nova Sussuarana, com o apoio do Instituto Dois Ter\u00e7os de Cidadania e Arte (IDT), o evento acontecer\u00e1 no final de linha do bairro e contar\u00e1 com uma programa\u00e7\u00e3o variada, pensada especialmente para o p\u00fablico infantil.<\/p>\n<p>Durante a festa, as crian\u00e7as poder\u00e3o participar de brincadeiras, pinturas, torneios de futebol e outras din\u00e2micas que estimulam a criatividade, a conviv\u00eancia e o esp\u00edrito esportivo. Al\u00e9m de garantir momentos de divers\u00e3o, a a\u00e7\u00e3o tem como objetivo fortalecer os la\u00e7os comunit\u00e1rios e oferecer um espa\u00e7o de lazer acess\u00edvel para as fam\u00edlias da regi\u00e3o.<\/p>\n<p>Com entrada gratuita, o Sussuarana Kids refor\u00e7a a import\u00e2ncia de iniciativas que valorizam a inf\u00e2ncia e promovem a integra\u00e7\u00e3o social atrav\u00e9s da cultura e da solidariedade.<\/p>\n<\/div>\n<\/div>\n<div class=\"w-full my-2\">\n<div class=\"fb-comments fb_iframe_widget fb_iframe_widget_fluid_desktop\" data-width=\"100%\" data-numposts=\"10\"><\/div>\n<\/div>\n","protected":false},"excerpt":{"rendered":"<p>No pr\u00f3ximo dia 12 de outubro, a partir das 13h, a comunidade de Nova Sussuarana se transforma em um espa\u00e7o de celebra\u00e7\u00e3o e alegria com a chegada da festa Sussuarana Kids, evento dedicado ao Dia das Crian\u00e7as. A iniciativa promete reunir moradores de todas as idades em uma tarde repleta de atividades recreativas e culturais. [&hellip;]<\/p>\n","protected":false},"author":1,"featured_media":15085,"comment_status":"open","ping_status":"closed","sticky":false,"template":"","format":"standard","meta":{"footnotes":""},"categories":[266],"tags":[],"class_list":["post-15083","post","type-post","status-publish","format-standard","has-post-thumbnail","hentry","category-sussuarana-kids"],"_links":{"self":[{"href":"https:\/\/salvadoracontece.com.br\/index.php\/wp-json\/wp\/v2\/posts\/15083","targetHints":{"allow":["GET"]}}],"collection":[{"href":"https:\/\/salvadoracontece.com.br\/index.php\/wp-json\/wp\/v2\/posts"}],"about":[{"href":"https:\/\/salvadoracontece.com.br\/index.php\/wp-json\/wp\/v2\/types\/post"}],"author":[{"embeddable":true,"href":"https:\/\/salvadoracontece.com.br\/index.php\/wp-json\/wp\/v2\/users\/1"}],"replies":[{"embeddable":true,"href":"https:\/\/salvadoracontece.com.br\/index.php\/wp-json\/wp\/v2\/comments?post=15083"}],"version-history":[{"count":1,"href":"https:\/\/salvadoracontece.com.br\/index.php\/wp-json\/wp\/v2\/posts\/15083\/revisions"}],"predecessor-version":[{"id":15084,"href":"https:\/\/salvadoracontece.com.br\/index.php\/wp-json\/wp\/v2\/posts\/15083\/revisions\/15084"}],"wp:featuredmedia":[{"embeddable":true,"href":"https:\/\/salvadoracontece.com.br\/index.php\/wp-json\/wp\/v2\/media\/15085"}],"wp:attachment":[{"href":"https:\/\/salvadoracontece.com.br\/index.php\/wp-json\/wp\/v2\/media?parent=15083"}],"wp:term":[{"taxonomy":"category","embeddable":true,"href":"https:\/\/salvadoracontece.com.br\/index.php\/wp-json\/wp\/v2\/categories?post=15083"},{"taxonomy":"post_tag","embeddable":true,"href":"https:\/\/salvadoracontece.com.br\/index.php\/wp-json\/wp\/v2\/tags?post=15083"}],"curies":[{"name":"wp","href":"https:\/\/api.w.org\/{rel}","templated":true}]}}