{"id":15799,"date":"2026-03-11T11:32:21","date_gmt":"2026-03-11T14:32:21","guid":{"rendered":"https:\/\/salvadoracontece.com.br\/?p=15799"},"modified":"2026-03-11T11:32:22","modified_gmt":"2026-03-11T14:32:22","slug":"jeronimo-anuncia-investimentos-de-r-54-milhoes-para-salinas-da-margarida","status":"publish","type":"post","link":"https:\/\/salvadoracontece.com.br\/index.php\/2026\/03\/11\/jeronimo-anuncia-investimentos-de-r-54-milhoes-para-salinas-da-margarida\/","title":{"rendered":"Jer\u00f4nimo anuncia investimentos de R$ 54 milh\u00f5es para Salinas da Margarida"},"content":{"rendered":"<p>O governador da Bahia, Jer\u00f4nimo Rodrigues (PT), recebeu na tarde desta ter\u00e7a-feira (10), na Governadoria, em Salvador, a prefeita de Salinas da Margarida, professora Mara, para discutir a\u00e7\u00f5es e investimentos do governo estadual no munic\u00edpio do Rec\u00f4ncavo baiano.<\/p>\n<div class=\"conteudo_post\">\n<p>Segundo o governo, as iniciativas somam cerca de R$ 54 milh\u00f5es e incluem obras conclu\u00eddas, em andamento e projetos previstos nas \u00e1reas de educa\u00e7\u00e3o, infraestrutura, turismo e abastecimento de \u00e1gua.<\/p>\n<p>\u201cRecebemos as novas demandas do munic\u00edpio e vamos dar o encaminhamento para que sejam viabilizadas, a exemplo da revitaliza\u00e7\u00e3o de mercados, a moderniza\u00e7\u00e3o do atracadouro da sede e a amplia\u00e7\u00e3o do sistema de abastecimento de \u00e1gua. Disponibilizamos uma ambul\u00e2ncia, um ve\u00edculo para Tratamento Fora do Domic\u00edlio (TFD) e equipamentos de sa\u00fade\u201d, afirmou Jer\u00f4nimo.<\/p>\n<p>Entre as a\u00e7\u00f5es citadas pelo governador est\u00e3o a entrega do Col\u00e9gio de Tempo Integral de Salinas, a constru\u00e7\u00e3o de uma nova sede para a escola municipal modelo, a recupera\u00e7\u00e3o do Terminal Hidrovi\u00e1rio de Barra do Paragua\u00e7u e a primeira etapa do projeto de esgotamento sanit\u00e1rio.<\/p>\n<div>\n<div>\n<div class=\"trv-player-container\">\n<div class=\"trv-wrapper\">\n<div id=\"br_video_player_7e2c9eaee53143b145ce2606dacf119dc3c659f9\" class=\"trvd_video_player trvdinstream\">\n<div class=\"media-player\">\n<div class=\"trv-video\">\n<div id=\"truvid_ima_container30853\" class=\"truvid_ima_container trv-ima-container-hidden\"><\/div>\n<\/div>\n<\/div>\n<\/div>\n<\/div>\n<\/div>\n<\/div>\n<\/div>\n<p>Tamb\u00e9m foram mencionadas melhorias na esta\u00e7\u00e3o de tratamento de \u00e1gua, com entrega prevista para mar\u00e7o, al\u00e9m da implanta\u00e7\u00e3o de uma Base N\u00e1utica e do projeto Conecta Bahia, que deve beneficiar cerca de 15 mil moradores do munic\u00edpio.<\/p>\n<p>\u201c\u00c9 um momento importante para Salinas. J\u00e1 avan\u00e7amos muito e vamos continuar trabalhando ao lado do Governo do Estado para manter uma cidade mais desenvolvida, garantindo mais qualidade de vida ao nosso povo\u201d, afirmou a prefeita Mara.<\/p>\n<\/div>\n<div id=\"div-share\"><\/div>\n","protected":false},"excerpt":{"rendered":"<p>O governador da Bahia, Jer\u00f4nimo Rodrigues (PT), recebeu na tarde desta ter\u00e7a-feira (10), na Governadoria, em Salvador, a prefeita de Salinas da Margarida, professora Mara, para discutir a\u00e7\u00f5es e investimentos do governo estadual no munic\u00edpio do Rec\u00f4ncavo baiano. Segundo o governo, as iniciativas somam cerca de R$ 54 milh\u00f5es e incluem obras conclu\u00eddas, em andamento [&hellip;]<\/p>\n","protected":false},"author":1,"featured_media":15801,"comment_status":"open","ping_status":"closed","sticky":false,"template":"","format":"standard","meta":{"footnotes":""},"categories":[85],"tags":[],"class_list":["post-15799","post","type-post","status-publish","format-standard","has-post-thumbnail","hentry","category-noticias"],"_links":{"self":[{"href":"https:\/\/salvadoracontece.com.br\/index.php\/wp-json\/wp\/v2\/posts\/15799","targetHints":{"allow":["GET"]}}],"collection":[{"href":"https:\/\/salvadoracontece.com.br\/index.php\/wp-json\/wp\/v2\/posts"}],"about":[{"href":"https:\/\/salvadoracontece.com.br\/index.php\/wp-json\/wp\/v2\/types\/post"}],"author":[{"embeddable":true,"href":"https:\/\/salvadoracontece.com.br\/index.php\/wp-json\/wp\/v2\/users\/1"}],"replies":[{"embeddable":true,"href":"https:\/\/salvadoracontece.com.br\/index.php\/wp-json\/wp\/v2\/comments?post=15799"}],"version-history":[{"count":1,"href":"https:\/\/salvadoracontece.com.br\/index.php\/wp-json\/wp\/v2\/posts\/15799\/revisions"}],"predecessor-version":[{"id":15800,"href":"https:\/\/salvadoracontece.com.br\/index.php\/wp-json\/wp\/v2\/posts\/15799\/revisions\/15800"}],"wp:featuredmedia":[{"embeddable":true,"href":"https:\/\/salvadoracontece.com.br\/index.php\/wp-json\/wp\/v2\/media\/15801"}],"wp:attachment":[{"href":"https:\/\/salvadoracontece.com.br\/index.php\/wp-json\/wp\/v2\/media?parent=15799"}],"wp:term":[{"taxonomy":"category","embeddable":true,"href":"https:\/\/salvadoracontece.com.br\/index.php\/wp-json\/wp\/v2\/categories?post=15799"},{"taxonomy":"post_tag","embeddable":true,"href":"https:\/\/salvadoracontece.com.br\/index.php\/wp-json\/wp\/v2\/tags?post=15799"}],"curies":[{"name":"wp","href":"https:\/\/api.w.org\/{rel}","templated":true}]}}