{"id":15808,"date":"2026-03-12T08:39:09","date_gmt":"2026-03-12T11:39:09","guid":{"rendered":"https:\/\/salvadoracontece.com.br\/?p=15808"},"modified":"2026-03-12T08:39:09","modified_gmt":"2026-03-12T11:39:09","slug":"transito-na-rua-lucaia-sofre-interdicao-total-nesta-madrugada-para-obras-de-passarela","status":"publish","type":"post","link":"https:\/\/salvadoracontece.com.br\/index.php\/2026\/03\/12\/transito-na-rua-lucaia-sofre-interdicao-total-nesta-madrugada-para-obras-de-passarela\/","title":{"rendered":"Tr\u00e2nsito na Rua Lucaia sofre interdi\u00e7\u00e3o total nesta madrugada para obras de passarela"},"content":{"rendered":"<div class=\"conteudo_post\">\n<p>O tr\u00e1fego de ve\u00edculos na Rua Lucaia ser\u00e1 completamente bloqueado no sentido Avenida Garibaldi a partir das 23h30 desta quarta-feira (11). A interdi\u00e7\u00e3o, coordenada pela Companhia de Desenvolvimento Urbano de Salvador, \u00e9 necess\u00e1ria para o i\u00e7amento de vigas da nova passarela que ligar\u00e1 a Rua do Canal ao ponto de \u00f4nibus em frente \u00e0 Embasa. A previs\u00e3o \u00e9 que a via seja liberada \u00e0s 5h desta quinta-feira (12), ap\u00f3s a conclus\u00e3o das opera\u00e7\u00f5es de montagem.<\/p>\n<p>A opera\u00e7\u00e3o exige o bloqueio total do trecho devido \u00e0 utiliza\u00e7\u00e3o de um guindaste de grande porte para o posicionamento das estruturas met\u00e1licas.<\/p>\n<p>Para minimizar os impactos, a interven\u00e7\u00e3o foi programada para o hor\u00e1rio de menor fluxo, mas requer aten\u00e7\u00e3o redobrada dos condutores que trafegam pela regi\u00e3o do Rio Vermelho e Horto Florestal durante a madrugada.<\/p>\n<p><strong>Rotas alternativas<\/strong><\/p>\n<p>Os motoristas que vierem da Avenida Juracy Magalh\u00e3es com destino \u00e0s avenidas Garibaldi ou Vasco da Gama dever\u00e3o adotar o seguinte desvio:<\/p>\n<div>\n<div class=\"trv-player-container\">\n<div class=\"trv-wrapper\">\n<div id=\"br_video_player_6ad539b5e18b4eac80b9c454341d2c9dc3c659f9\" class=\"trvd_video_player trvdinstream\">\n<div class=\"media-player\">\n<div class=\"trv-video\">\n<div id=\"truvid_ima_container19011\" class=\"truvid_ima_container trv-ima-container-hidden\"><\/div>\n<\/div>\n<\/div>\n<div class=\"trv-autoskip-container\">\n<div class=\"autoskip-btn autoskip-btn-gray\">\u2013 Subir pela Avenida Santa Luzia (Horto Florestal);<\/div>\n<\/div>\n<\/div>\n<\/div>\n<\/div>\n<\/div>\n<p>\u2013 Seguir pela Rua Waldemar Falc\u00e3o;<br \/>\n\u2013 Descer em dire\u00e7\u00e3o \u00e0 Avenida Vasco da Gama, podendo acessar o trecho da Lucaia ou sair nas proximidades do supermercado Assa\u00ed.<\/p>\n<p>A Transalvador estar\u00e1 monitorando a regi\u00e3o para orientar os condutores. Assim que o guindaste for desmobilizado e a seguran\u00e7a da via garantida, o fluxo ser\u00e1 normalizado antes do hor\u00e1rio de pico da manh\u00e3 de quinta-feira.<\/p>\n<\/div>\n<div id=\"div-share\"><\/div>\n","protected":false},"excerpt":{"rendered":"<p>O tr\u00e1fego de ve\u00edculos na Rua Lucaia ser\u00e1 completamente bloqueado no sentido Avenida Garibaldi a partir das 23h30 desta quarta-feira (11). A interdi\u00e7\u00e3o, coordenada pela Companhia de Desenvolvimento Urbano de Salvador, \u00e9 necess\u00e1ria para o i\u00e7amento de vigas da nova passarela que ligar\u00e1 a Rua do Canal ao ponto de \u00f4nibus em frente \u00e0 Embasa. [&hellip;]<\/p>\n","protected":false},"author":1,"featured_media":15810,"comment_status":"open","ping_status":"closed","sticky":false,"template":"","format":"standard","meta":{"footnotes":""},"categories":[85],"tags":[],"class_list":["post-15808","post","type-post","status-publish","format-standard","has-post-thumbnail","hentry","category-noticias"],"_links":{"self":[{"href":"https:\/\/salvadoracontece.com.br\/index.php\/wp-json\/wp\/v2\/posts\/15808","targetHints":{"allow":["GET"]}}],"collection":[{"href":"https:\/\/salvadoracontece.com.br\/index.php\/wp-json\/wp\/v2\/posts"}],"about":[{"href":"https:\/\/salvadoracontece.com.br\/index.php\/wp-json\/wp\/v2\/types\/post"}],"author":[{"embeddable":true,"href":"https:\/\/salvadoracontece.com.br\/index.php\/wp-json\/wp\/v2\/users\/1"}],"replies":[{"embeddable":true,"href":"https:\/\/salvadoracontece.com.br\/index.php\/wp-json\/wp\/v2\/comments?post=15808"}],"version-history":[{"count":1,"href":"https:\/\/salvadoracontece.com.br\/index.php\/wp-json\/wp\/v2\/posts\/15808\/revisions"}],"predecessor-version":[{"id":15809,"href":"https:\/\/salvadoracontece.com.br\/index.php\/wp-json\/wp\/v2\/posts\/15808\/revisions\/15809"}],"wp:featuredmedia":[{"embeddable":true,"href":"https:\/\/salvadoracontece.com.br\/index.php\/wp-json\/wp\/v2\/media\/15810"}],"wp:attachment":[{"href":"https:\/\/salvadoracontece.com.br\/index.php\/wp-json\/wp\/v2\/media?parent=15808"}],"wp:term":[{"taxonomy":"category","embeddable":true,"href":"https:\/\/salvadoracontece.com.br\/index.php\/wp-json\/wp\/v2\/categories?post=15808"},{"taxonomy":"post_tag","embeddable":true,"href":"https:\/\/salvadoracontece.com.br\/index.php\/wp-json\/wp\/v2\/tags?post=15808"}],"curies":[{"name":"wp","href":"https:\/\/api.w.org\/{rel}","templated":true}]}}