{"id":1627,"date":"2023-07-25T10:55:39","date_gmt":"2023-07-25T13:55:39","guid":{"rendered":"http:\/\/salvadoracontece.com.br\/?p=1014"},"modified":"2023-07-25T10:55:39","modified_gmt":"2023-07-25T13:55:39","slug":"anvisa-da-registro-definitivo-para-vacina-bivalente-contra-covid-19","status":"publish","type":"post","link":"https:\/\/salvadoracontece.com.br\/index.php\/2023\/07\/25\/anvisa-da-registro-definitivo-para-vacina-bivalente-contra-covid-19\/","title":{"rendered":"Anvisa d\u00e1 registro definitivo para vacina bivalente contra Covid-19"},"content":{"rendered":"\n<p>A Ag\u00eancia Nacional de Vigil\u00e2ncia Sanit\u00e1ria (Anvisa) aprovou, nesta segunda-feira (24), o registro definitivo da vacina Comirnaty bivalente contra a Covid-19 da Pfizer.&nbsp;<\/p>\n\n\n\n<p>O imunizante est\u00e1 indicado para a preven\u00e7\u00e3o da covid-19 e pode ser utilizada por pessoas a partir de 5 anos de idade. A indica\u00e7\u00e3o \u00e9 que o uso seja apenas como dose de refor\u00e7o, ou seja, s\u00f3 pode ser aplicada em quem j\u00e1 se vacinou contra a doen\u00e7a, com aplica\u00e7\u00e3o pelo menos tr\u00eas meses ap\u00f3s a \u00faltima dose tomada.&nbsp;<\/p>\n\n\n\n<p>A vacina j\u00e1 estava sendo utilizada no Programa Nacional de Imuniza\u00e7\u00f5es (PNI) do Minist\u00e9rio da Sa\u00fade (MS) de forma emergencial. Antes do registro definitivo, o produto era usado como dose de refor\u00e7o para o p\u00fablico acima de 12 anos de idade com comorbidades e para maiores de 18 anos.<\/p>\n\n\n\n<p><strong>Bivalente<\/strong><\/p>\n\n\n\n<p>De acordo com a Anvisa, vacinas bivalentes d\u00e3o maior prote\u00e7\u00e3o contra a doen\u00e7a, pois cont\u00eam uma mistura de cepas do v\u00edrus Sars-CoV-2. A Comirnaty bivalente \u00e9 elaborada com a variante original, que \u00e9 a cepa Wuhan, somada a uma variante de circula\u00e7\u00e3o mais recente, a cepa \u00d4micron. &nbsp;<\/p>\n\n\n\n<p>No cen\u00e1rio internacional de regula\u00e7\u00e3o, a Comirnaty bivalente j\u00e1 tem uso autorizado pela Ag\u00eancia Europeia de Medicamentos (European Medicines Agency \u2013 EMA) e pela ag\u00eancia reguladora dos Estados Unidos (Food and Drug Administration \u2013 FDA).<\/p>\n","protected":false},"excerpt":{"rendered":"<p>A Ag\u00eancia Nacional de Vigil\u00e2ncia Sanit\u00e1ria (Anvisa) aprovou, nesta segunda-feira (24), o registro definitivo da vacina Comirnaty bivalente contra a Covid-19 da Pfizer.&nbsp; O imunizante est\u00e1 indicado para a preven\u00e7\u00e3o da covid-19 e pode ser utilizada por pessoas a partir de 5 anos de idade. A indica\u00e7\u00e3o \u00e9 que o uso seja apenas como dose [&hellip;]<\/p>\n","protected":false},"author":1,"featured_media":1497,"comment_status":"open","ping_status":"open","sticky":false,"template":"","format":"standard","meta":{"footnotes":""},"categories":[94],"tags":[],"class_list":["post-1627","post","type-post","status-publish","format-standard","has-post-thumbnail","hentry","category-saude-2"],"_links":{"self":[{"href":"https:\/\/salvadoracontece.com.br\/index.php\/wp-json\/wp\/v2\/posts\/1627","targetHints":{"allow":["GET"]}}],"collection":[{"href":"https:\/\/salvadoracontece.com.br\/index.php\/wp-json\/wp\/v2\/posts"}],"about":[{"href":"https:\/\/salvadoracontece.com.br\/index.php\/wp-json\/wp\/v2\/types\/post"}],"author":[{"embeddable":true,"href":"https:\/\/salvadoracontece.com.br\/index.php\/wp-json\/wp\/v2\/users\/1"}],"replies":[{"embeddable":true,"href":"https:\/\/salvadoracontece.com.br\/index.php\/wp-json\/wp\/v2\/comments?post=1627"}],"version-history":[{"count":0,"href":"https:\/\/salvadoracontece.com.br\/index.php\/wp-json\/wp\/v2\/posts\/1627\/revisions"}],"wp:featuredmedia":[{"embeddable":true,"href":"https:\/\/salvadoracontece.com.br\/index.php\/wp-json\/wp\/v2\/media\/1497"}],"wp:attachment":[{"href":"https:\/\/salvadoracontece.com.br\/index.php\/wp-json\/wp\/v2\/media?parent=1627"}],"wp:term":[{"taxonomy":"category","embeddable":true,"href":"https:\/\/salvadoracontece.com.br\/index.php\/wp-json\/wp\/v2\/categories?post=1627"},{"taxonomy":"post_tag","embeddable":true,"href":"https:\/\/salvadoracontece.com.br\/index.php\/wp-json\/wp\/v2\/tags?post=1627"}],"curies":[{"name":"wp","href":"https:\/\/api.w.org\/{rel}","templated":true}]}}