{"id":16860,"date":"2026-08-31T13:56:47","date_gmt":"2026-08-31T16:56:47","guid":{"rendered":"https:\/\/salvadoracontece.com.br\/?p=16860"},"modified":"2026-08-31T13:56:48","modified_gmt":"2026-08-31T16:56:48","slug":"lagum-vai-abrir-show-do-maroon-5-em-salvador-apresentacao-acontece-dia-10-de-setembro","status":"publish","type":"post","link":"https:\/\/salvadoracontece.com.br\/index.php\/2026\/08\/31\/lagum-vai-abrir-show-do-maroon-5-em-salvador-apresentacao-acontece-dia-10-de-setembro\/","title":{"rendered":"Lagum vai abrir show do Maroon 5 em Salvador; apresenta\u00e7\u00e3o acontece dia 10 de setembro"},"content":{"rendered":"<p class=\"isSelectedEnd\">A banda mineira <strong>Lagum<\/strong> foi confirmada como atra\u00e7\u00e3o de abertura do show do <strong>Maroon 5 em Salvador<\/strong>. O grupo brasileiro subir\u00e1 ao palco antes da banda comandada por Adam Levine no dia <strong>10 de setembro<\/strong>, na <strong>Casa de Apostas Arena Fonte Nova<\/strong>.<\/p>\n<p class=\"isSelectedEnd\">Al\u00e9m da capital baiana, a Lagum tamb\u00e9m far\u00e1 a abertura das outras apresenta\u00e7\u00f5es do Maroon 5 no Brasil. Os shows est\u00e3o marcados para <strong>6 de setembro, em S\u00e3o Jos\u00e9 do Rio Preto<\/strong>, e <strong>8 de setembro, em S\u00e3o Paulo<\/strong>.<\/p>\n<p class=\"isSelectedEnd\">Formada por <strong>Pedro Calais, Chic\u00e3o, Zani e Jorge<\/strong>, a Lagum vive um momento especial em 2026, ano em que celebra uma d\u00e9cada de trajet\u00f3ria. O grupo tamb\u00e9m prepara a turn\u00ea <strong>\u201cLagum em Todo Lugar\u201d<\/strong>, que dever\u00e1 passar por dez cidades brasileiras.<\/p>\n<p class=\"isSelectedEnd\">Para os integrantes, dividir o palco com o Maroon 5 tem um significado especial. O vocalista Pedro Calais j\u00e1 revelou que acompanha o trabalho da banda norte-americana desde a inf\u00e2ncia e considera o convite um marco importante na carreira da Lagum.<\/p>\n<h3>Maroon 5 retorna a Salvador ap\u00f3s 10 anos<\/h3>\n<p class=\"isSelectedEnd\">A apresenta\u00e7\u00e3o de setembro marca o retorno do Maroon 5 \u00e0 capital baiana depois de uma d\u00e9cada. A \u00faltima passagem do grupo por Salvador aconteceu em <strong>2016<\/strong>, durante a turn\u00ea \u201cMaroon V Tour\u201d.<\/p>\n<p class=\"isSelectedEnd\">Desta vez, a banda chega \u00e0 cidade com a turn\u00ea <strong>\u201cLove Is Like\u201d<\/strong>, que re\u00fane m\u00fasicas da fase mais recente do grupo e sucessos que marcaram sua trajet\u00f3ria internacional.<\/p>\n<p class=\"isSelectedEnd\">Na Arena Fonte Nova, os <strong>port\u00f5es ser\u00e3o abertos \u00e0s 16h<\/strong>, enquanto o show principal est\u00e1 previsto para come\u00e7ar \u00e0s <strong>21h<\/strong>. Os ingressos seguem \u00e0 venda, com valores a partir de <strong>R$ 210<\/strong>.<\/p>\n<p>Depois das apresenta\u00e7\u00f5es em S\u00e3o Jos\u00e9 do Rio Preto, S\u00e3o Paulo e Salvador, o Maroon 5 ainda segue para o <strong>Rock in Rio<\/strong>, onde tem apresenta\u00e7\u00e3o marcada para o dia <strong>12 de setembro<\/strong>.<\/p>\n","protected":false},"excerpt":{"rendered":"<p>A banda mineira Lagum foi confirmada como atra\u00e7\u00e3o de abertura do show do Maroon 5 em Salvador. O grupo brasileiro subir\u00e1 ao palco antes da banda comandada por Adam Levine no dia 10 de setembro, na Casa de Apostas Arena Fonte Nova. Al\u00e9m da capital baiana, a Lagum tamb\u00e9m far\u00e1 a abertura das outras apresenta\u00e7\u00f5es [&hellip;]<\/p>\n","protected":false},"author":1,"featured_media":16862,"comment_status":"open","ping_status":"closed","sticky":false,"template":"","format":"standard","meta":{"footnotes":""},"categories":[93],"tags":[],"class_list":["post-16860","post","type-post","status-publish","format-standard","has-post-thumbnail","hentry","category-entretenimento"],"_links":{"self":[{"href":"https:\/\/salvadoracontece.com.br\/index.php\/wp-json\/wp\/v2\/posts\/16860","targetHints":{"allow":["GET"]}}],"collection":[{"href":"https:\/\/salvadoracontece.com.br\/index.php\/wp-json\/wp\/v2\/posts"}],"about":[{"href":"https:\/\/salvadoracontece.com.br\/index.php\/wp-json\/wp\/v2\/types\/post"}],"author":[{"embeddable":true,"href":"https:\/\/salvadoracontece.com.br\/index.php\/wp-json\/wp\/v2\/users\/1"}],"replies":[{"embeddable":true,"href":"https:\/\/salvadoracontece.com.br\/index.php\/wp-json\/wp\/v2\/comments?post=16860"}],"version-history":[{"count":1,"href":"https:\/\/salvadoracontece.com.br\/index.php\/wp-json\/wp\/v2\/posts\/16860\/revisions"}],"predecessor-version":[{"id":16861,"href":"https:\/\/salvadoracontece.com.br\/index.php\/wp-json\/wp\/v2\/posts\/16860\/revisions\/16861"}],"wp:featuredmedia":[{"embeddable":true,"href":"https:\/\/salvadoracontece.com.br\/index.php\/wp-json\/wp\/v2\/media\/16862"}],"wp:attachment":[{"href":"https:\/\/salvadoracontece.com.br\/index.php\/wp-json\/wp\/v2\/media?parent=16860"}],"wp:term":[{"taxonomy":"category","embeddable":true,"href":"https:\/\/salvadoracontece.com.br\/index.php\/wp-json\/wp\/v2\/categories?post=16860"},{"taxonomy":"post_tag","embeddable":true,"href":"https:\/\/salvadoracontece.com.br\/index.php\/wp-json\/wp\/v2\/tags?post=16860"}],"curies":[{"name":"wp","href":"https:\/\/api.w.org\/{rel}","templated":true}]}}