{"id":16866,"date":"2026-09-01T16:00:25","date_gmt":"2026-09-01T19:00:25","guid":{"rendered":"https:\/\/salvadoracontece.com.br\/?p=16866"},"modified":"2026-08-31T16:11:45","modified_gmt":"2026-08-31T19:11:45","slug":"prefeitura-de-salvador-inicia-instalacao-de-boias-de-delimitacao-de-area-de-banho-no-porto-da-barra-nesta-terca-1o","status":"publish","type":"post","link":"https:\/\/salvadoracontece.com.br\/index.php\/2026\/09\/01\/prefeitura-de-salvador-inicia-instalacao-de-boias-de-delimitacao-de-area-de-banho-no-porto-da-barra-nesta-terca-1o\/","title":{"rendered":"Prefeitura de Salvador inicia instala\u00e7\u00e3o de boias de delimita\u00e7\u00e3o de \u00e1rea de banho no Porto da Barra nesta ter\u00e7a (1\u00ba)"},"content":{"rendered":"<p>A Prefeitura de Salvador, por meio de uma a\u00e7\u00e3o integrada, coordenada pela Secretaria Especial do Mar (Semar), inicia, na pr\u00f3xima ter\u00e7a-feira (1\u00ba), o processo de instala\u00e7\u00e3o de boias para a prote\u00e7\u00e3o mar\u00edtima na praia do Porto da Barra. A medida visa delimitar uma \u00e1rea a 90 metros da faixa de areia que ser\u00e1 exclusiva para banhistas, impedindo a circula\u00e7\u00e3o de embarca\u00e7\u00f5es motorizadas no local e contribuindo para evitar acidentes.<\/p>\n<p>\u00c0s 7h de ter\u00e7a, duas poitas &#8211; bases de concreto para a sustenta\u00e7\u00e3o das boias -, que ficar\u00e3o na faixa de areia, v\u00e3o come\u00e7ar a ser instaladas. Durante a instala\u00e7\u00e3o, ser\u00e1 necess\u00e1rio fazer um isolamento da \u00e1rea de passagem da retroescavadeira. A previs\u00e3o \u00e9 de que o servi\u00e7o seja conclu\u00eddo \u00e0s 15h, mas a depender da mar\u00e9, que precisa estar baixa, a instala\u00e7\u00e3o das poitas pode ser conclu\u00edda antes.<\/p>\n<p>O servi\u00e7o contar\u00e1 com o apoio da Superintend\u00eancia de Tr\u00e2nsito de Salvador (Transalvador) e da Guarda Civil Municipal (GCM) para isolamento da \u00e1rea de instala\u00e7\u00e3o e passagem da retroescavadeira e orienta\u00e7\u00e3o dos banhistas.<\/p>\n<p>\u201cFaixas e placas ser\u00e3o instaladas no local para orientar os frequentadores e n\u00f3s estaremos ajudando, primeiro, no deslocamento de um trator que ir\u00e1 puxar as poitas de uma extremidade a outra, pois elas ser\u00e3o colocadas de maneira que fique uma em cada lado da praia. Ent\u00e3o, iremos interagir e orientar quem estiver no local para que n\u00e3o haja riscos de acidente. A ideia \u00e9 trazer o menor transtorno poss\u00edvel aos frequentadores e n\u00f3s pedimos a colabora\u00e7\u00e3o, porque \u00e9 algo que trar\u00e1 benef\u00edcios a todos, aumentando a seguran\u00e7a dos banhistas ali na praia do Porto da Barra\u201d, explica o inspetor-geral da Guarda Civil Municipal, Marcelo Silva.<\/p>\n<p>A delimita\u00e7\u00e3o do per\u00edmetro para banho ocorrer\u00e1 em formato de &#8220;U&#8221;, com a utiliza\u00e7\u00e3o de cinco poitas, sendo que duas delas ser\u00e3o instaladas na faixa da areia e as outras tr\u00eas no mar. As boias j\u00e1 chegar\u00e3o prontas, transpassadas por um cabo de a\u00e7o, formando um cord\u00e3o de isolamento. Duas poitas j\u00e1 foram levadas at\u00e9 o Porto da Barra, na tarde desta sexta-feira (28), e est\u00e3o situadas na rampa de acesso de embarca\u00e7\u00f5es \u00e0 praia, pr\u00f3ximo ao Forte de Santa Maria. As outras poitas chegar\u00e3o pelo mar, a partir da pr\u00f3xima segunda-feira (31). O servi\u00e7o completo deve ser conclu\u00eddo na quarta-feira (2).<\/p>\n<p>A secret\u00e1ria do Mar, Maria Eduarda Lomanto, comentou o objetivo das boias: \u201cEssa \u00e9 uma iniciativa que vem sendo feita no mundo inteiro, e algumas cidades do Brasil j\u00e1 aderiram a essa sinaliza\u00e7\u00e3o. \u00c9 importante entendermos que a praia \u00e9 um lugar para todos, s\u00f3 que precisa ter seguran\u00e7a. As praias t\u00eam lugar para a pr\u00e1tica esportiva, para as moton\u00e1uticas, mas n\u00e3o pode haver essa alta velocidade t\u00e3o pr\u00f3ximo da areia, porque h\u00e1 crian\u00e7as, fam\u00edlias e banhistas, em geral\u201d, disse.<\/p>\n<p>\u201cO Porto da Barra \u00e9 uma praia de \u00e1guas calmas escolhida pelas fam\u00edlias para o lazer. Portanto, \u00e9 importante preservar e evitar os acidentes, que \u00e9 algo que est\u00e1 aumentando, n\u00e3o s\u00f3 em Salvador, mas no Brasil todo, por conta do excesso de velocidade\u201d, completou a titular da Semar. Segundo ela, o projeto deve se estender posteriormente para outras praias de Salvador.<\/p>\n<p>Outras a\u00e7\u00f5es \u2013 A Semar, em parceria com a Secretaria Municipal de Manuten\u00e7\u00e3o da Cidade (Seman), tamb\u00e9m realizou a requalifica\u00e7\u00e3o e ordenamento das rampas de acesso \u00e0 praia do Porto da Barra, reservando uma delas para embarca\u00e7\u00f5es e a outra para pedestres. O local ser\u00e1 sinalizado em breve com placas informativas. No trecho em frente \u00e0 rampa de acesso reservada \u00e0s embarca\u00e7\u00f5es n\u00e3o haver\u00e1 boias, permitindo o acesso organizado de pequenas embarca\u00e7\u00f5es, canoas e praticantes de esportes n\u00e1uticos, sem comprometer a seguran\u00e7a dos banhistas.<\/p>\n<p>\u201cEssa \u00e9 uma a\u00e7\u00e3o integrada que conta com o envolvimento de todas as secretarias do munic\u00edpio, sendo coordenada pela Secretaria do Mar, na qual estamos trabalhando a praia do Porto da Barra e preparando o local para o ver\u00e3o, por ser uma das praias mais importantes e o nosso ponto de refer\u00eancia tur\u00edstico da cidade\u201d, salienta Duda Lomanto.<\/p>\n<p>O projeto inclui, ainda, a instala\u00e7\u00e3o de c\u00e2meras de monitoramento mar\u00edtimo, em parceria com a Secretaria Municipal de Inova\u00e7\u00e3o e Tecnologia (Semit). As imagens ser\u00e3o compartilhadas com a Guarda Civil Municipal (GCM), Capitania dos Portos e \u00f3rg\u00e3os de fiscaliza\u00e7\u00e3o ambiental, refor\u00e7ando o monitoramento da \u00e1rea e a prote\u00e7\u00e3o do Parque Marinho da Barra.<\/p>\n","protected":false},"excerpt":{"rendered":"<p>A Prefeitura de Salvador, por meio de uma a\u00e7\u00e3o integrada, coordenada pela Secretaria Especial do Mar (Semar), inicia, na pr\u00f3xima ter\u00e7a-feira (1\u00ba), o processo de instala\u00e7\u00e3o de boias para a prote\u00e7\u00e3o mar\u00edtima na praia do Porto da Barra. A medida visa delimitar uma \u00e1rea a 90 metros da faixa de areia que ser\u00e1 exclusiva para [&hellip;]<\/p>\n","protected":false},"author":1,"featured_media":16868,"comment_status":"open","ping_status":"closed","sticky":false,"template":"","format":"standard","meta":{"footnotes":""},"categories":[85],"tags":[],"class_list":["post-16866","post","type-post","status-publish","format-standard","has-post-thumbnail","hentry","category-noticias"],"_links":{"self":[{"href":"https:\/\/salvadoracontece.com.br\/index.php\/wp-json\/wp\/v2\/posts\/16866","targetHints":{"allow":["GET"]}}],"collection":[{"href":"https:\/\/salvadoracontece.com.br\/index.php\/wp-json\/wp\/v2\/posts"}],"about":[{"href":"https:\/\/salvadoracontece.com.br\/index.php\/wp-json\/wp\/v2\/types\/post"}],"author":[{"embeddable":true,"href":"https:\/\/salvadoracontece.com.br\/index.php\/wp-json\/wp\/v2\/users\/1"}],"replies":[{"embeddable":true,"href":"https:\/\/salvadoracontece.com.br\/index.php\/wp-json\/wp\/v2\/comments?post=16866"}],"version-history":[{"count":1,"href":"https:\/\/salvadoracontece.com.br\/index.php\/wp-json\/wp\/v2\/posts\/16866\/revisions"}],"predecessor-version":[{"id":16867,"href":"https:\/\/salvadoracontece.com.br\/index.php\/wp-json\/wp\/v2\/posts\/16866\/revisions\/16867"}],"wp:featuredmedia":[{"embeddable":true,"href":"https:\/\/salvadoracontece.com.br\/index.php\/wp-json\/wp\/v2\/media\/16868"}],"wp:attachment":[{"href":"https:\/\/salvadoracontece.com.br\/index.php\/wp-json\/wp\/v2\/media?parent=16866"}],"wp:term":[{"taxonomy":"category","embeddable":true,"href":"https:\/\/salvadoracontece.com.br\/index.php\/wp-json\/wp\/v2\/categories?post=16866"},{"taxonomy":"post_tag","embeddable":true,"href":"https:\/\/salvadoracontece.com.br\/index.php\/wp-json\/wp\/v2\/tags?post=16866"}],"curies":[{"name":"wp","href":"https:\/\/api.w.org\/{rel}","templated":true}]}}