{"id":16869,"date":"2026-09-01T10:58:53","date_gmt":"2026-09-01T13:58:53","guid":{"rendered":"https:\/\/salvadoracontece.com.br\/?p=16869"},"modified":"2026-09-01T10:58:54","modified_gmt":"2026-09-01T13:58:54","slug":"feira-saude-mais-perto-oferta-consultas-e-exames-na-policlinica-de-escada-nesta-quinta-3-e-sexta-feira-4","status":"publish","type":"post","link":"https:\/\/salvadoracontece.com.br\/index.php\/2026\/09\/01\/feira-saude-mais-perto-oferta-consultas-e-exames-na-policlinica-de-escada-nesta-quinta-3-e-sexta-feira-4\/","title":{"rendered":"Feira Sa\u00fade Mais Perto oferta consultas e exames na Policl\u00ednica de Escada nesta quinta (3) e sexta-feira (4)"},"content":{"rendered":"<div class=\"x_elementToProof\" data-olk-copy-source=\"MessageBody\">A Feira Sa\u00fade Mais Perto, iniciativa da Secretaria da Sa\u00fade do Estado (Sesab) em parceria com as Volunt\u00e1rias Sociais da Bahia, chega ao Sub\u00farbio de Salvador nesta quinta (3) e sexta-feira (4), com a oferta de consultas e exames, na Policl\u00ednica de Escada.<\/div>\n<div class=\"x_elementToProof\"><\/div>\n<div class=\"x_elementToProof\">Realizada das 8h \u00e0s 16h, a a\u00e7\u00e3o inclui exames como eletrocardiograma (ECG), preventivo, coleta laboratorial e ultrassonografia (Abd\u00f4men Total, Tireoide, Transvaginal, Vias Urin\u00e1rias, Regi\u00e3o P\u00e9lvica, Pr\u00f3stata via abdominal e Bolsa escrotal), al\u00e9m de cirurgias de mamoplastia redutora n\u00e3o est\u00e9tica para pacientes j\u00e1 agendadas atrav\u00e9s do Sistema Lista \u00danica e pelo Sesab Atende da regi\u00e3o de sa\u00fade de Salvador e consultas com ginecologista.<\/div>\n<div class=\"x_elementToProof\"><\/div>\n<div class=\"x_elementToProof\">Para ter acesso aos servi\u00e7os de sa\u00fade \u00e9 necess\u00e1rio apresentar CPF, RG, Cart\u00e3o do SUS e solicita\u00e7\u00e3o m\u00e9dica.<\/div>\n<div class=\"x_elementToProof\"><\/div>\n<div class=\"x_elementToProof\"><b>SERVI\u00c7O<\/b><\/div>\n<div><\/div>\n<div class=\"x_elementToProof\"><b>O QU\u00ca:<\/b>\u00a0Feira Sa\u00fade Mais Perto &#8211; Consultas e exames<\/div>\n<div><\/div>\n<div class=\"x_elementToProof\"><b>QUANDO:\u00a0<\/b>Quinta e sexta-feira, 3 e 4 de setembro, das 8h \u00e0s 16h<\/div>\n<div><\/div>\n<div><b>ONDE:\u00a0<\/b>Policl\u00ednica de Escada &#8211; Av. Afr\u00e2nio Peixoto, S\/N &#8211; Escada, Salvador &#8211; BA<\/div>\n","protected":false},"excerpt":{"rendered":"<p>A Feira Sa\u00fade Mais Perto, iniciativa da Secretaria da Sa\u00fade do Estado (Sesab) em parceria com as Volunt\u00e1rias Sociais da Bahia, chega ao Sub\u00farbio de Salvador nesta quinta (3) e sexta-feira (4), com a oferta de consultas e exames, na Policl\u00ednica de Escada. Realizada das 8h \u00e0s 16h, a a\u00e7\u00e3o inclui exames como eletrocardiograma (ECG), [&hellip;]<\/p>\n","protected":false},"author":1,"featured_media":16871,"comment_status":"open","ping_status":"closed","sticky":false,"template":"","format":"standard","meta":{"footnotes":""},"categories":[94],"tags":[],"class_list":["post-16869","post","type-post","status-publish","format-standard","has-post-thumbnail","hentry","category-saude-2"],"_links":{"self":[{"href":"https:\/\/salvadoracontece.com.br\/index.php\/wp-json\/wp\/v2\/posts\/16869","targetHints":{"allow":["GET"]}}],"collection":[{"href":"https:\/\/salvadoracontece.com.br\/index.php\/wp-json\/wp\/v2\/posts"}],"about":[{"href":"https:\/\/salvadoracontece.com.br\/index.php\/wp-json\/wp\/v2\/types\/post"}],"author":[{"embeddable":true,"href":"https:\/\/salvadoracontece.com.br\/index.php\/wp-json\/wp\/v2\/users\/1"}],"replies":[{"embeddable":true,"href":"https:\/\/salvadoracontece.com.br\/index.php\/wp-json\/wp\/v2\/comments?post=16869"}],"version-history":[{"count":1,"href":"https:\/\/salvadoracontece.com.br\/index.php\/wp-json\/wp\/v2\/posts\/16869\/revisions"}],"predecessor-version":[{"id":16870,"href":"https:\/\/salvadoracontece.com.br\/index.php\/wp-json\/wp\/v2\/posts\/16869\/revisions\/16870"}],"wp:featuredmedia":[{"embeddable":true,"href":"https:\/\/salvadoracontece.com.br\/index.php\/wp-json\/wp\/v2\/media\/16871"}],"wp:attachment":[{"href":"https:\/\/salvadoracontece.com.br\/index.php\/wp-json\/wp\/v2\/media?parent=16869"}],"wp:term":[{"taxonomy":"category","embeddable":true,"href":"https:\/\/salvadoracontece.com.br\/index.php\/wp-json\/wp\/v2\/categories?post=16869"},{"taxonomy":"post_tag","embeddable":true,"href":"https:\/\/salvadoracontece.com.br\/index.php\/wp-json\/wp\/v2\/tags?post=16869"}],"curies":[{"name":"wp","href":"https:\/\/api.w.org\/{rel}","templated":true}]}}