{"id":16875,"date":"2026-09-01T12:56:46","date_gmt":"2026-09-01T15:56:46","guid":{"rendered":"https:\/\/salvadoracontece.com.br\/?p=16875"},"modified":"2026-09-01T12:56:46","modified_gmt":"2026-09-01T15:56:46","slug":"ex-pm-e-alvo-de-operacao-da-pf-por-fraude-em-registro-de-cac","status":"publish","type":"post","link":"https:\/\/salvadoracontece.com.br\/index.php\/2026\/09\/01\/ex-pm-e-alvo-de-operacao-da-pf-por-fraude-em-registro-de-cac\/","title":{"rendered":"Ex-PM \u00e9 alvo de opera\u00e7\u00e3o da PF por fraude em registro de CAC"},"content":{"rendered":"<p>A Pol\u00edcia Federal e a Secretaria da Seguran\u00e7a P\u00fablica da Bahia, por meio da Coordena\u00e7\u00e3o Geral de Repress\u00e3o ao Crime Organizado e Especializado (COGER\/For\u00e7a), deflagraram, nesta ter\u00e7a-feira (1\u00ba), a Opera\u00e7\u00e3o Guardi\u00f5es de Fogo, para cumprir um mandado de busca e apreens\u00e3o em Salvador.<\/p>\n<p>A a\u00e7\u00e3o investiga a posse irregular de arma de fogo de uso restrito, que teria sido obtida por meio de fraude no processo de concess\u00e3o do registro de Colecionador, Atirador Desportivo e Ca\u00e7ador (CAC).<\/p>\n<p>De acordo com as investiga\u00e7\u00f5es, o suspeito \u00e9 um ex-policial militar que teria conseguido o Certificado de Registro (CR) de CAC mesmo sem cumprir o requisito legal de idoneidade.<\/p>\n<p>A apura\u00e7\u00e3o aponta ainda ind\u00edcios de que informa\u00e7\u00f5es teriam sido omitidas e elementos considerados inid\u00f4neos utilizados durante o procedimento administrativo para viabilizar a concess\u00e3o irregular do registro.<\/p>\n<h2>Investiga\u00e7\u00e3o continua<\/h2>\n<p>As dilig\u00eancias realizadas nesta ter\u00e7a-feira buscam reunir novos elementos sobre o caso e verificar um eventual envolvimento de outras pessoas na obten\u00e7\u00e3o irregular do registro e da arma.<\/p>\n<p>O investigado est\u00e1 custodiado no Complexo Penal de Juazeiro. Caso seja condenado pelos crimes atribu\u00eddos a ele, poder\u00e1 receber penas que, somadas, ultrapassam 10 anos de reclus\u00e3o.<\/p>\n<p>A Opera\u00e7\u00e3o Guardi\u00f5es de Fogo segue em andamento para esclarecer todas as circunst\u00e2ncias relacionadas \u00e0 obten\u00e7\u00e3o do registro de CAC e \u00e0 posse da arma de uso restrito.<\/p>\n","protected":false},"excerpt":{"rendered":"<p>A Pol\u00edcia Federal e a Secretaria da Seguran\u00e7a P\u00fablica da Bahia, por meio da Coordena\u00e7\u00e3o Geral de Repress\u00e3o ao Crime Organizado e Especializado (COGER\/For\u00e7a), deflagraram, nesta ter\u00e7a-feira (1\u00ba), a Opera\u00e7\u00e3o Guardi\u00f5es de Fogo, para cumprir um mandado de busca e apreens\u00e3o em Salvador. A a\u00e7\u00e3o investiga a posse irregular de arma de fogo de uso [&hellip;]<\/p>\n","protected":false},"author":1,"featured_media":16877,"comment_status":"open","ping_status":"closed","sticky":false,"template":"","format":"standard","meta":{"footnotes":""},"categories":[85],"tags":[],"class_list":["post-16875","post","type-post","status-publish","format-standard","has-post-thumbnail","hentry","category-noticias"],"_links":{"self":[{"href":"https:\/\/salvadoracontece.com.br\/index.php\/wp-json\/wp\/v2\/posts\/16875","targetHints":{"allow":["GET"]}}],"collection":[{"href":"https:\/\/salvadoracontece.com.br\/index.php\/wp-json\/wp\/v2\/posts"}],"about":[{"href":"https:\/\/salvadoracontece.com.br\/index.php\/wp-json\/wp\/v2\/types\/post"}],"author":[{"embeddable":true,"href":"https:\/\/salvadoracontece.com.br\/index.php\/wp-json\/wp\/v2\/users\/1"}],"replies":[{"embeddable":true,"href":"https:\/\/salvadoracontece.com.br\/index.php\/wp-json\/wp\/v2\/comments?post=16875"}],"version-history":[{"count":1,"href":"https:\/\/salvadoracontece.com.br\/index.php\/wp-json\/wp\/v2\/posts\/16875\/revisions"}],"predecessor-version":[{"id":16876,"href":"https:\/\/salvadoracontece.com.br\/index.php\/wp-json\/wp\/v2\/posts\/16875\/revisions\/16876"}],"wp:featuredmedia":[{"embeddable":true,"href":"https:\/\/salvadoracontece.com.br\/index.php\/wp-json\/wp\/v2\/media\/16877"}],"wp:attachment":[{"href":"https:\/\/salvadoracontece.com.br\/index.php\/wp-json\/wp\/v2\/media?parent=16875"}],"wp:term":[{"taxonomy":"category","embeddable":true,"href":"https:\/\/salvadoracontece.com.br\/index.php\/wp-json\/wp\/v2\/categories?post=16875"},{"taxonomy":"post_tag","embeddable":true,"href":"https:\/\/salvadoracontece.com.br\/index.php\/wp-json\/wp\/v2\/tags?post=16875"}],"curies":[{"name":"wp","href":"https:\/\/api.w.org\/{rel}","templated":true}]}}