{"id":16896,"date":"2026-09-02T14:42:34","date_gmt":"2026-09-02T17:42:34","guid":{"rendered":"https:\/\/salvadoracontece.com.br\/?p=16896"},"modified":"2026-09-02T14:42:35","modified_gmt":"2026-09-02T17:42:35","slug":"parque-de-pituacu-faz-53-anos-e-recebe-r-13-milhoes-em-novas-obras","status":"publish","type":"post","link":"https:\/\/salvadoracontece.com.br\/index.php\/2026\/09\/02\/parque-de-pituacu-faz-53-anos-e-recebe-r-13-milhoes-em-novas-obras\/","title":{"rendered":"Parque de Pitua\u00e7u faz 53 anos e recebe R$ 13 milh\u00f5es em novas obras"},"content":{"rendered":"<p>O Parque Metropolitano de Pitua\u00e7u completa 53 anos nesta quinta-feira (4) em uma nova fase de transforma\u00e7\u00e3o. Um dos principais remanescentes de Mata Atl\u00e2ntica em \u00e1rea urbana do pa\u00eds, o parque, localizado em Salvador, inicia neste m\u00eas a segunda etapa do processo de requalifica\u00e7\u00e3o, com previs\u00e3o de aproximadamente R$ 13 milh\u00f5es em investimentos.<\/p>\n<p>A nova fase ser\u00e1 voltada principalmente \u00e0 requalifica\u00e7\u00e3o urban\u00edstica de uma \u00e1rea de 54 mil metros quadrados na por\u00e7\u00e3o sul do parque. O projeto prev\u00ea a implanta\u00e7\u00e3o de um novo portal de acesso, minifloresta, trilhas ecol\u00f3gicas, espa\u00e7o pet, restaurantes, pra\u00e7a multiuso e novas \u00e1reas de conviv\u00eancia.<\/p>\n<p>Tamb\u00e9m est\u00e1 previsto um novo biciclet\u00e1rio com capacidade para 250 bicicletas, sendo 50 destinadas ao p\u00fablico infantil. Entre as novidades est\u00e1 ainda a constru\u00e7\u00e3o de um p\u00eder flutuante na lagoa pequena, pr\u00f3xima \u00e0 orla, al\u00e9m de um anfiteatro verde destinado a shows e apresenta\u00e7\u00f5es art\u00edsticas.<\/p>\n<p>Outra interven\u00e7\u00e3o de destaque ser\u00e1 a implanta\u00e7\u00e3o de um museu a c\u00e9u aberto pr\u00f3ximo \u00e0 entrada principal. O espa\u00e7o contar\u00e1 com as cruzes de madeira que representam esta\u00e7\u00f5es do mart\u00edrio de Jesus Cristo, obras do artista baiano Mario Cravo Jr. Ao todo, 40 das 50 obras do escultor existentes no parque foram restauradas durante a primeira etapa da requalifica\u00e7\u00e3o.<\/p>\n<h2>Parque renovado<\/h2>\n<p>Entregue ao p\u00fablico em 29 de junho deste ano, ap\u00f3s cerca de um ano e meio de obras, a primeira etapa da requalifica\u00e7\u00e3o recebeu R$ 24,3 milh\u00f5es em investimentos e teve como foco a infraestrutura do parque.<\/p>\n<p>Entre as interven\u00e7\u00f5es realizadas est\u00e3o a recupera\u00e7\u00e3o dos 15 quil\u00f4metros da ciclovia, implanta\u00e7\u00e3o de novos pontos de apoio, atualiza\u00e7\u00e3o da sinaliza\u00e7\u00e3o e cria\u00e7\u00e3o de estruturas para oferecer mais conforto aos visitantes.<\/p>\n<p>Os quatro novos pontos de apoio possuem \u00e1reas cobertas para descanso, bebedouros, sanit\u00e1rios, lixeiras para coleta seletiva e pias com \u00e1gua pot\u00e1vel, ampliando a estrutura para quem utiliza o espa\u00e7o para atividades esportivas, lazer e piqueniques.<\/p>\n<p>O parque tamb\u00e9m passou a contar com redes suspensas para a passagem de animais entre as \u00e1rvores, reduzindo o risco de atropelamentos e contribuindo para a preserva\u00e7\u00e3o da fauna local.<\/p>\n<h2>Mais seguran\u00e7a para os visitantes<\/h2>\n<p>A requalifica\u00e7\u00e3o tamb\u00e9m trouxe um novo sistema de seguran\u00e7a para a ciclovia. Foram instaladas 86 c\u00e2meras de monitoramento e bot\u00f5es de p\u00e2nico a cada 500 metros.<\/p>\n<p>Os equipamentos s\u00e3o monitorados pela Secretaria da Seguran\u00e7a P\u00fablica da Bahia (SSP-BA). Em situa\u00e7\u00f5es de emerg\u00eancia, acidente ou risco, o acionamento do bot\u00e3o permite o alerta \u00e0s equipes respons\u00e1veis pelo atendimento.<\/p>\n<p>A opera\u00e7\u00e3o integra a\u00e7\u00f5es das for\u00e7as policiais e do Corpo de Bombeiros com a Secretaria do Meio Ambiente, com acompanhamento em tempo real pelo Centro de Opera\u00e7\u00f5es e Intelig\u00eancia (COI).<\/p>\n<h2>Educa\u00e7\u00e3o ambiental e lazer<\/h2>\n<p>Entre os novos espa\u00e7os j\u00e1 dispon\u00edveis est\u00e1 o Espa\u00e7o Sensorial, criado para estimular a educa\u00e7\u00e3o ambiental, especialmente entre crian\u00e7as.<\/p>\n<p>Com 800 metros de extens\u00e3o, a trilha possui trechos com diferentes tipos de piso, utilizando 16 materiais, entre pedras, sementes, areia, lajotas, tiras de pneu e outros elementos. A proposta \u00e9 estimular os sentidos dos visitantes durante o percurso.<\/p>\n<p>O espa\u00e7o tamb\u00e9m possui um melipon\u00e1rio, destinado \u00e0 observa\u00e7\u00e3o de abelhas nativas sem ferr\u00e3o, e um anfiteatro.<\/p>\n<p>Al\u00e9m da estrutura de lazer, pain\u00e9is instalados nos pontos de apoio apresentam informa\u00e7\u00f5es sobre esp\u00e9cies da fauna e da flora encontradas no parque, refor\u00e7ando o car\u00e1ter de educa\u00e7\u00e3o ambiental do espa\u00e7o.<\/p>\n<p>Para o secret\u00e1rio estadual do Meio Ambiente, Eduardo Sodr\u00e9, a recupera\u00e7\u00e3o do parque representa uma a\u00e7\u00e3o estrat\u00e9gica de preserva\u00e7\u00e3o ambiental e de melhoria da qualidade de vida da popula\u00e7\u00e3o.<\/p>\n<p>\u201cPitua\u00e7u \u00e9 um dos espa\u00e7os mais simb\u00f3licos da nossa cidade, um importante remanescente de Mata Atl\u00e2ntica que contribui para a qualidade de vida da popula\u00e7\u00e3o e para o equil\u00edbrio clim\u00e1tico de Salvador\u201d, afirma.<\/p>\n<p>Segundo o secret\u00e1rio, a segunda etapa d\u00e1 continuidade a um projeto iniciado anos atr\u00e1s.<\/p>\n<p>\u201cEsse era um projeto de 2014 que conseguimos resgatar, garantir os recursos e transformar em realidade. Nosso objetivo \u00e9 promover mais mobilidade, integra\u00e7\u00e3o e ampliar o uso do Parque de Pitua\u00e7u pela popula\u00e7\u00e3o. E essa \u00e9 apenas a primeira etapa; ainda teremos novos investimentos na continuidade da requalifica\u00e7\u00e3o\u201d, destaca.<\/p>\n<h2>Concess\u00e3o de equipamentos<\/h2>\n<p>Tamb\u00e9m est\u00e1 prevista, nesta nova fase, a abertura de processo licitat\u00f3rio para concess\u00e3o da gest\u00e3o de equipamentos como o biciclet\u00e1rio, pedalinhos e quiosques.<\/p>\n<p>Os estabelecimentos dever\u00e3o comercializar bebidas n\u00e3o alco\u00f3licas, como \u00e1gua, \u00e1gua de coco, refrigerantes e sucos, al\u00e9m de lanches, ampliando a oferta de servi\u00e7os aos visitantes.<\/p>\n","protected":false},"excerpt":{"rendered":"<p>O Parque Metropolitano de Pitua\u00e7u completa 53 anos nesta quinta-feira (4) em uma nova fase de transforma\u00e7\u00e3o. Um dos principais remanescentes de Mata Atl\u00e2ntica em \u00e1rea urbana do pa\u00eds, o parque, localizado em Salvador, inicia neste m\u00eas a segunda etapa do processo de requalifica\u00e7\u00e3o, com previs\u00e3o de aproximadamente R$ 13 milh\u00f5es em investimentos. A nova [&hellip;]<\/p>\n","protected":false},"author":1,"featured_media":16898,"comment_status":"open","ping_status":"closed","sticky":false,"template":"","format":"standard","meta":{"footnotes":""},"categories":[331],"tags":[],"class_list":["post-16896","post","type-post","status-publish","format-standard","has-post-thumbnail","hentry","category-parque-de-pituacu"],"_links":{"self":[{"href":"https:\/\/salvadoracontece.com.br\/index.php\/wp-json\/wp\/v2\/posts\/16896","targetHints":{"allow":["GET"]}}],"collection":[{"href":"https:\/\/salvadoracontece.com.br\/index.php\/wp-json\/wp\/v2\/posts"}],"about":[{"href":"https:\/\/salvadoracontece.com.br\/index.php\/wp-json\/wp\/v2\/types\/post"}],"author":[{"embeddable":true,"href":"https:\/\/salvadoracontece.com.br\/index.php\/wp-json\/wp\/v2\/users\/1"}],"replies":[{"embeddable":true,"href":"https:\/\/salvadoracontece.com.br\/index.php\/wp-json\/wp\/v2\/comments?post=16896"}],"version-history":[{"count":1,"href":"https:\/\/salvadoracontece.com.br\/index.php\/wp-json\/wp\/v2\/posts\/16896\/revisions"}],"predecessor-version":[{"id":16897,"href":"https:\/\/salvadoracontece.com.br\/index.php\/wp-json\/wp\/v2\/posts\/16896\/revisions\/16897"}],"wp:featuredmedia":[{"embeddable":true,"href":"https:\/\/salvadoracontece.com.br\/index.php\/wp-json\/wp\/v2\/media\/16898"}],"wp:attachment":[{"href":"https:\/\/salvadoracontece.com.br\/index.php\/wp-json\/wp\/v2\/media?parent=16896"}],"wp:term":[{"taxonomy":"category","embeddable":true,"href":"https:\/\/salvadoracontece.com.br\/index.php\/wp-json\/wp\/v2\/categories?post=16896"},{"taxonomy":"post_tag","embeddable":true,"href":"https:\/\/salvadoracontece.com.br\/index.php\/wp-json\/wp\/v2\/tags?post=16896"}],"curies":[{"name":"wp","href":"https:\/\/api.w.org\/{rel}","templated":true}]}}