{"id":16904,"date":"2026-09-03T13:49:48","date_gmt":"2026-09-03T16:49:48","guid":{"rendered":"https:\/\/salvadoracontece.com.br\/?p=16904"},"modified":"2026-09-03T13:49:48","modified_gmt":"2026-09-03T16:49:48","slug":"fundacao-lanca-a-fme-transforma-chamada-aberta-para-area-da-saude","status":"publish","type":"post","link":"https:\/\/salvadoracontece.com.br\/index.php\/2026\/09\/03\/fundacao-lanca-a-fme-transforma-chamada-aberta-para-area-da-saude\/","title":{"rendered":"Funda\u00e7\u00e3o lan\u00e7a a FME Transforma, chamada aberta para \u00e1rea da sa\u00fade"},"content":{"rendered":"<p>A Funda\u00e7\u00e3o Maria Em\u00edlia (FME) abre hoje as inscri\u00e7\u00f5es da Chamada Aberta de Projetos FME Transforma 2026, direcionada \u00e0 sele\u00e7\u00e3o de projetos nas \u00e1reas de Sa\u00fade e Educa\u00e7\u00e3o. A iniciativa vai apoiar financeiramente propostas que contribuam para a produ\u00e7\u00e3o de conhecimento, o desenvolvimento de solu\u00e7\u00f5es, o fortalecimento de pr\u00e1ticas e a melhoria de servi\u00e7os nessas \u00e1reas, com impacto social relevante para a sociedade brasileira.<\/p>\n<p>As propostas devem se enquadrar em um dos cinco focos tem\u00e1ticos definidos pelo edital: inova\u00e7\u00e3o tecnol\u00f3gica em sa\u00fade, sa\u00fade p\u00fablica e meio ambiente, sa\u00fade na inf\u00e2ncia e adolesc\u00eancia, envelhecimento saud\u00e1vel e acesso e qualidade em educa\u00e7\u00e3o. O apoio financeiro est\u00e1 organizado em tr\u00eas faixas de valores, de acordo com o porte do projeto: at\u00e9 R$ 100.000,00, de R$ 100.001,00 a R$ 500.000,00 e de R$ 500.001,00 a R$ 1.000.000,00.<\/p>\n<p>O edital aceita propostas de pessoas jur\u00eddicas sem fins lucrativos, como institui\u00e7\u00f5es de ensino superior, institui\u00e7\u00f5es de pesquisa e organiza\u00e7\u00f5es da sociedade civil, e de pessoas f\u00edsicas com atua\u00e7\u00e3o comprovada na \u00e1rea tem\u00e1tica do projeto. Em todos os casos, \u00e9 exigido v\u00ednculo institucional, coordena\u00e7\u00e3o com titula\u00e7\u00e3o m\u00ednima de doutorado e apresenta\u00e7\u00e3o de plano de trabalho, cronograma e or\u00e7amento detalhados. As inscri\u00e7\u00f5es s\u00e3o feitas exclusivamente pelo sistema eletr\u00f4nico dispon\u00edvel no site da FME.<\/p>\n<p>\u201cEsta chamada aberta de projetos representa o compromisso cont\u00ednuo da Funda\u00e7\u00e3o Maria Em\u00edlia com o aprimoramento da Sa\u00fade e da Educa\u00e7\u00e3o no Brasil. Acreditamos que resultados duradouros exigem apoio consistente e de longo prazo, e \u00e9 isso que buscamos oferecer nesta chamada, para que os projetos apoiados gerem impacto real e permanente na vida das pessoas\u201d, afirma Thamile Accioly, diretora-executiva da FME.<\/p>\n<p>As propostas selecionadas passam por an\u00e1lise de elegibilidade, avalia\u00e7\u00e3o t\u00e9cnica institucional e avalia\u00e7\u00e3o t\u00e9cnica especializada, com prazo estimado de at\u00e9 180 dias corridos para conclus\u00e3o do processo.<\/p>\n<p>Mais informa\u00e7\u00f5es e o acesso ao sistema de submiss\u00e3o est\u00e3o dispon\u00edveis no site institucional da Funda\u00e7\u00e3o Maria Em\u00edlia.<\/p>\n","protected":false},"excerpt":{"rendered":"<p>A Funda\u00e7\u00e3o Maria Em\u00edlia (FME) abre hoje as inscri\u00e7\u00f5es da Chamada Aberta de Projetos FME Transforma 2026, direcionada \u00e0 sele\u00e7\u00e3o de projetos nas \u00e1reas de Sa\u00fade e Educa\u00e7\u00e3o. A iniciativa vai apoiar financeiramente propostas que contribuam para a produ\u00e7\u00e3o de conhecimento, o desenvolvimento de solu\u00e7\u00f5es, o fortalecimento de pr\u00e1ticas e a melhoria de servi\u00e7os nessas [&hellip;]<\/p>\n","protected":false},"author":1,"featured_media":16906,"comment_status":"open","ping_status":"closed","sticky":false,"template":"","format":"standard","meta":{"footnotes":""},"categories":[85],"tags":[],"class_list":["post-16904","post","type-post","status-publish","format-standard","has-post-thumbnail","hentry","category-noticias"],"_links":{"self":[{"href":"https:\/\/salvadoracontece.com.br\/index.php\/wp-json\/wp\/v2\/posts\/16904","targetHints":{"allow":["GET"]}}],"collection":[{"href":"https:\/\/salvadoracontece.com.br\/index.php\/wp-json\/wp\/v2\/posts"}],"about":[{"href":"https:\/\/salvadoracontece.com.br\/index.php\/wp-json\/wp\/v2\/types\/post"}],"author":[{"embeddable":true,"href":"https:\/\/salvadoracontece.com.br\/index.php\/wp-json\/wp\/v2\/users\/1"}],"replies":[{"embeddable":true,"href":"https:\/\/salvadoracontece.com.br\/index.php\/wp-json\/wp\/v2\/comments?post=16904"}],"version-history":[{"count":1,"href":"https:\/\/salvadoracontece.com.br\/index.php\/wp-json\/wp\/v2\/posts\/16904\/revisions"}],"predecessor-version":[{"id":16905,"href":"https:\/\/salvadoracontece.com.br\/index.php\/wp-json\/wp\/v2\/posts\/16904\/revisions\/16905"}],"wp:featuredmedia":[{"embeddable":true,"href":"https:\/\/salvadoracontece.com.br\/index.php\/wp-json\/wp\/v2\/media\/16906"}],"wp:attachment":[{"href":"https:\/\/salvadoracontece.com.br\/index.php\/wp-json\/wp\/v2\/media?parent=16904"}],"wp:term":[{"taxonomy":"category","embeddable":true,"href":"https:\/\/salvadoracontece.com.br\/index.php\/wp-json\/wp\/v2\/categories?post=16904"},{"taxonomy":"post_tag","embeddable":true,"href":"https:\/\/salvadoracontece.com.br\/index.php\/wp-json\/wp\/v2\/tags?post=16904"}],"curies":[{"name":"wp","href":"https:\/\/api.w.org\/{rel}","templated":true}]}}