{"id":16910,"date":"2026-09-04T14:06:56","date_gmt":"2026-09-04T17:06:56","guid":{"rendered":"https:\/\/salvadoracontece.com.br\/?p=16910"},"modified":"2026-09-04T14:06:56","modified_gmt":"2026-09-04T17:06:56","slug":"instituto-cultural-ibilayo-une-povos-de-candomble-e-umbanda-em-salvador","status":"publish","type":"post","link":"https:\/\/salvadoracontece.com.br\/index.php\/2026\/09\/04\/instituto-cultural-ibilayo-une-povos-de-candomble-e-umbanda-em-salvador\/","title":{"rendered":"Instituto Cultural Ibilay\u00f3 une povos de Candombl\u00e9 e Umbanda em Salvador"},"content":{"rendered":"<div dir=\"auto\">Salvador recebe, nesta sexta-feira (4), o lan\u00e7amento do Instituto Cultural Ibilay\u00f3, idealizado com o compromisso de valorizar a ancestralidade, fortalecer a cultura afro-brasileira e defender os direitos dos povos e comunidades de matriz africana.<\/div>\n<div dir=\"auto\"><\/div>\n<div dir=\"auto\">A cerimocia inicia\u00a0 \u00e0s 16h, no Centro de Cultura Vereador Manuel Quirino &#8211; Pra\u00e7a da S\u00e9, Centro &#8211; Salvador<\/div>\n<div dir=\"auto\"><\/div>\n<div dir=\"auto\">Segundo a organiza\u00e7\u00e3o, o instituto \u00e9 resultado de uma constru\u00e7\u00e3o coletiva que re\u00fane integrantes com diferentes experi\u00eancias profissionais, culturais, sociais e religiosas. A proposta \u00e9 transformar princ\u00edpios de valoriza\u00e7\u00e3o da cultura e da ancestralidade em a\u00e7\u00f5es concretas voltadas ao desenvolvimento das pessoas e ao fortalecimento das comunidades.<\/div>\n<div dir=\"auto\"><\/div>\n<div dir=\"auto\">Entre as \u00e1reas de atua\u00e7\u00e3o previstas est\u00e3o cultura, educa\u00e7\u00e3o, arte, assist\u00eancia social, sa\u00fade, cidadania, comunica\u00e7\u00e3o, inclus\u00e3o social e garantia de direitos. O instituto tamb\u00e9m pretende desenvolver projetos, oficinas, forma\u00e7\u00f5es, encontros e campanhas.<\/div>\n<div dir=\"auto\"><\/div>\n<div dir=\"auto\">O Ibilay\u00f3 tamb\u00e9m ter\u00e1 atua\u00e7\u00e3o na defesa da liberdade religiosa, no combate ao racismo e \u00e0 intoler\u00e2ncia religiosa, na valoriza\u00e7\u00e3o das mulheres, no fortalecimento da juventude, na promo\u00e7\u00e3o da sa\u00fade mental e na preserva\u00e7\u00e3o da mem\u00f3ria e dos saberes dos povos do territ\u00f3rio.<\/div>\n<div dir=\"auto\"><\/div>\n<div dir=\"auto\">Durante o lan\u00e7amento, o presidente, integrantes da diretoria, conselho fiscal e colaboradores apresentar\u00e3o a miss\u00e3o da institui\u00e7\u00e3o e suas principais frentes de atua\u00e7\u00e3o.<\/div>\n<div dir=\"auto\"><\/div>\n<div dir=\"auto\">A institui\u00e7\u00e3o prev\u00ea ainda a constru\u00e7\u00e3o de parcerias com poder p\u00fablico, empresas, organiza\u00e7\u00f5es sociais, universidades, lideran\u00e7as comunit\u00e1rias e representantes da sociedade civil, com o objetivo de ampliar projetos e gerar resultados positivos para as comunidades.<\/div>\n<div dir=\"auto\"><\/div>\n<div dir=\"auto\">Para o Instituto Cultural Ibilay\u00f3, o lan\u00e7amento representa o in\u00edcio de uma caminhada coletiva em defesa da mem\u00f3ria, dignidade, diversidade, liberdade religiosa e dos direitos dos povos de matriz africana.<\/div>\n<div dir=\"auto\">\n<div dir=\"auto\"><\/div>\n<div dir=\"auto\"><strong>SERVI\u00c7O<\/strong><\/div>\n<div dir=\"auto\"><\/div>\n<div dir=\"auto\">Lan\u00e7amento do Instituto Cultural Ibilay\u00f3<\/div>\n<div dir=\"auto\"><\/div>\n<div dir=\"auto\">Quando: sexta-feira (4), \u00e0s 16h<\/div>\n<div dir=\"auto\"><\/div>\n<div dir=\"auto\">Local: Centro de Cultura Vereador Manuel Quirino &#8211; Pra\u00e7a da S\u00e9, Centro &#8211; Salvador<\/div>\n<\/div>\n","protected":false},"excerpt":{"rendered":"<p>Salvador recebe, nesta sexta-feira (4), o lan\u00e7amento do Instituto Cultural Ibilay\u00f3, idealizado com o compromisso de valorizar a ancestralidade, fortalecer a cultura afro-brasileira e defender os direitos dos povos e comunidades de matriz africana. A cerimocia inicia\u00a0 \u00e0s 16h, no Centro de Cultura Vereador Manuel Quirino &#8211; Pra\u00e7a da S\u00e9, Centro &#8211; Salvador Segundo a [&hellip;]<\/p>\n","protected":false},"author":1,"featured_media":16912,"comment_status":"open","ping_status":"closed","sticky":false,"template":"","format":"standard","meta":{"footnotes":""},"categories":[358],"tags":[],"class_list":["post-16910","post","type-post","status-publish","format-standard","has-post-thumbnail","hentry","category-instituto-cultural-ibilayo"],"_links":{"self":[{"href":"https:\/\/salvadoracontece.com.br\/index.php\/wp-json\/wp\/v2\/posts\/16910","targetHints":{"allow":["GET"]}}],"collection":[{"href":"https:\/\/salvadoracontece.com.br\/index.php\/wp-json\/wp\/v2\/posts"}],"about":[{"href":"https:\/\/salvadoracontece.com.br\/index.php\/wp-json\/wp\/v2\/types\/post"}],"author":[{"embeddable":true,"href":"https:\/\/salvadoracontece.com.br\/index.php\/wp-json\/wp\/v2\/users\/1"}],"replies":[{"embeddable":true,"href":"https:\/\/salvadoracontece.com.br\/index.php\/wp-json\/wp\/v2\/comments?post=16910"}],"version-history":[{"count":1,"href":"https:\/\/salvadoracontece.com.br\/index.php\/wp-json\/wp\/v2\/posts\/16910\/revisions"}],"predecessor-version":[{"id":16911,"href":"https:\/\/salvadoracontece.com.br\/index.php\/wp-json\/wp\/v2\/posts\/16910\/revisions\/16911"}],"wp:featuredmedia":[{"embeddable":true,"href":"https:\/\/salvadoracontece.com.br\/index.php\/wp-json\/wp\/v2\/media\/16912"}],"wp:attachment":[{"href":"https:\/\/salvadoracontece.com.br\/index.php\/wp-json\/wp\/v2\/media?parent=16910"}],"wp:term":[{"taxonomy":"category","embeddable":true,"href":"https:\/\/salvadoracontece.com.br\/index.php\/wp-json\/wp\/v2\/categories?post=16910"},{"taxonomy":"post_tag","embeddable":true,"href":"https:\/\/salvadoracontece.com.br\/index.php\/wp-json\/wp\/v2\/tags?post=16910"}],"curies":[{"name":"wp","href":"https:\/\/api.w.org\/{rel}","templated":true}]}}