{"id":2253,"date":"2023-08-01T15:49:49","date_gmt":"2023-08-01T18:49:49","guid":{"rendered":"https:\/\/salvadoracontece.com.br\/?p=2253"},"modified":"2023-08-01T15:49:51","modified_gmt":"2023-08-01T18:49:51","slug":"apontado-como-gerente-do-bdm-homem-e-morto-em-confronto-na-mata-escura","status":"publish","type":"post","link":"https:\/\/salvadoracontece.com.br\/index.php\/2023\/08\/01\/apontado-como-gerente-do-bdm-homem-e-morto-em-confronto-na-mata-escura\/","title":{"rendered":"Apontado como gerente do BDM, homem \u00e9 morto em confronto na Mata Escura"},"content":{"rendered":"\n<p>Apontado como gerente do&nbsp;tr\u00e1fico de drogas&nbsp;da localidade conhecida como Inferninho, no bairro da&nbsp;Mata Escura, em Salvador, um jovem foi morto em confronto com policiais civis na manh\u00e3 desta ter\u00e7a-feira (1\u00ba), por volta das 11h30. O rapaz teria liga\u00e7\u00f5es com a&nbsp;fac\u00e7\u00e3o criminosa Bonde do Maluco (BDM).<\/p>\n\n\n\n<p>De acordo com a Pol\u00edcia Militar, uma guarni\u00e7\u00e3o da 48\u00aa Companhia Independente (CIPM) foram acionados com a den\u00fancia de que haviam&nbsp;suspeitos armados traficando na localidade.<\/p>\n\n\n\n<p>Com a chegada dos policiais, os suspeitos atiraram contra a guarni\u00e7\u00e3o. No revide, um dos suspeitos foi baleado. Ele chegou a ser socorrido para o Hospital Roberto Santos, onde veio a \u00f3bito.<\/p>\n\n\n\n<p>Com o suspeito, foram encontrados uma pistola calibre 9 mil\u00edmetros, muni\u00e7\u00f5es, 96 trouxas e papelotes de maconha, 133 pinos de coca\u00edna. A ocorr\u00eancia foi registrada no DHPP (Departamento de Homic\u00eddio e Prote\u00e7\u00e3o \u00e0 Pessoa).<\/p>\n","protected":false},"excerpt":{"rendered":"<p>Apontado como gerente do&nbsp;tr\u00e1fico de drogas&nbsp;da localidade conhecida como Inferninho, no bairro da&nbsp;Mata Escura, em Salvador, um jovem foi morto em confronto com policiais civis na manh\u00e3 desta ter\u00e7a-feira (1\u00ba), por volta das 11h30. O rapaz teria liga\u00e7\u00f5es com a&nbsp;fac\u00e7\u00e3o criminosa Bonde do Maluco (BDM). De acordo com a Pol\u00edcia Militar, uma guarni\u00e7\u00e3o da 48\u00aa [&hellip;]<\/p>\n","protected":false},"author":2,"featured_media":2254,"comment_status":"open","ping_status":"open","sticky":false,"template":"","format":"standard","meta":{"footnotes":""},"categories":[90,85,83],"tags":[],"class_list":["post-2253","post","type-post","status-publish","format-standard","has-post-thumbnail","hentry","category-bahia","category-noticias","category-seguranca"],"_links":{"self":[{"href":"https:\/\/salvadoracontece.com.br\/index.php\/wp-json\/wp\/v2\/posts\/2253","targetHints":{"allow":["GET"]}}],"collection":[{"href":"https:\/\/salvadoracontece.com.br\/index.php\/wp-json\/wp\/v2\/posts"}],"about":[{"href":"https:\/\/salvadoracontece.com.br\/index.php\/wp-json\/wp\/v2\/types\/post"}],"author":[{"embeddable":true,"href":"https:\/\/salvadoracontece.com.br\/index.php\/wp-json\/wp\/v2\/users\/2"}],"replies":[{"embeddable":true,"href":"https:\/\/salvadoracontece.com.br\/index.php\/wp-json\/wp\/v2\/comments?post=2253"}],"version-history":[{"count":1,"href":"https:\/\/salvadoracontece.com.br\/index.php\/wp-json\/wp\/v2\/posts\/2253\/revisions"}],"predecessor-version":[{"id":2255,"href":"https:\/\/salvadoracontece.com.br\/index.php\/wp-json\/wp\/v2\/posts\/2253\/revisions\/2255"}],"wp:featuredmedia":[{"embeddable":true,"href":"https:\/\/salvadoracontece.com.br\/index.php\/wp-json\/wp\/v2\/media\/2254"}],"wp:attachment":[{"href":"https:\/\/salvadoracontece.com.br\/index.php\/wp-json\/wp\/v2\/media?parent=2253"}],"wp:term":[{"taxonomy":"category","embeddable":true,"href":"https:\/\/salvadoracontece.com.br\/index.php\/wp-json\/wp\/v2\/categories?post=2253"},{"taxonomy":"post_tag","embeddable":true,"href":"https:\/\/salvadoracontece.com.br\/index.php\/wp-json\/wp\/v2\/tags?post=2253"}],"curies":[{"name":"wp","href":"https:\/\/api.w.org\/{rel}","templated":true}]}}