{"id":2708,"date":"2023-08-07T14:22:59","date_gmt":"2023-08-07T17:22:59","guid":{"rendered":"https:\/\/salvadoracontece.com.br\/?p=2708"},"modified":"2023-08-07T14:23:01","modified_gmt":"2023-08-07T17:23:01","slug":"apos-acoes-da-pm-com-30-mortes-em-8-dias-e-criticas-governador-da-ba-fala-em-apuracao-de-eventual-excesso","status":"publish","type":"post","link":"https:\/\/salvadoracontece.com.br\/index.php\/2023\/08\/07\/apos-acoes-da-pm-com-30-mortes-em-8-dias-e-criticas-governador-da-ba-fala-em-apuracao-de-eventual-excesso\/","title":{"rendered":"Ap\u00f3s a\u00e7\u00f5es da PM com 30 mortes em 8 dias e cr\u00edticas governador da BA fala em &#8216;apura\u00e7\u00e3o de eventual excesso&#8217;"},"content":{"rendered":"\n<p>O governador da Bahia,\u00a0Jer\u00f4nimo Rodrigues, usou as redes sociais, nesta segunda-feira (7), para dizer que a &#8220;eventuais excessos&#8221; ser\u00e3o apurados em a\u00e7\u00f5es da Pol\u00edcia Militar, que terminaram com 30 mortes no estado. O governo federal acompanha as investiga\u00e7\u00f5es.<\/p>\n\n\n\n<p>No s\u00e1bado (5), o ministro dos Direitos Humanos e Cidadania (MDHC),\u00a0Silvio Almeida, informou que\u00a0acionou a Ouvidoria Nacional dos Direitos Humanos\u00a0e afirmou que as mortes &#8220;n\u00e3o s\u00e3o compat\u00edveis com um pa\u00eds que se pretende democr\u00e1tico e em conson\u00e2ncia com os Direitos Humanos&#8221;.<\/p>\n\n\n\n<p>Na publica\u00e7\u00e3o feita em uma rede social nesta manh\u00e3, Jer\u00f4nimo disse que conversou com o ministro no domingo (6) sobre as a\u00e7\u00f5es de preven\u00e7\u00e3o \u00e0 viol\u00eancia e redu\u00e7\u00e3o da letalidade policial. \u00a0Veja publica\u00e7\u00e3o completa abaixo:<\/p>\n\n\n\n<figure class=\"wp-block-image size-full\"><img loading=\"lazy\" decoding=\"async\" width=\"984\" height=\"794\" src=\"https:\/\/salvadoracontece.com.br\/wp-content\/uploads\/2023\/08\/tweet-jeronimo.jpg\" alt=\"\" class=\"wp-image-2710\" srcset=\"https:\/\/salvadoracontece.com.br\/wp-content\/uploads\/2023\/08\/tweet-jeronimo.jpg 984w, https:\/\/salvadoracontece.com.br\/wp-content\/uploads\/2023\/08\/tweet-jeronimo-300x242.jpg 300w, https:\/\/salvadoracontece.com.br\/wp-content\/uploads\/2023\/08\/tweet-jeronimo-768x620.jpg 768w\" sizes=\"auto, (max-width: 984px) 100vw, 984px\" \/><\/figure>\n\n\n\n<p><\/p>\n\n\n\n<p><\/p>\n","protected":false},"excerpt":{"rendered":"<p>O governador da Bahia,\u00a0Jer\u00f4nimo Rodrigues, usou as redes sociais, nesta segunda-feira (7), para dizer que a &#8220;eventuais excessos&#8221; ser\u00e3o apurados em a\u00e7\u00f5es da Pol\u00edcia Militar, que terminaram com 30 mortes no estado. O governo federal acompanha as investiga\u00e7\u00f5es. No s\u00e1bado (5), o ministro dos Direitos Humanos e Cidadania (MDHC),\u00a0Silvio Almeida, informou que\u00a0acionou a Ouvidoria Nacional [&hellip;]<\/p>\n","protected":false},"author":2,"featured_media":2709,"comment_status":"open","ping_status":"open","sticky":false,"template":"","format":"standard","meta":{"footnotes":""},"categories":[85,83],"tags":[],"class_list":["post-2708","post","type-post","status-publish","format-standard","has-post-thumbnail","hentry","category-noticias","category-seguranca"],"_links":{"self":[{"href":"https:\/\/salvadoracontece.com.br\/index.php\/wp-json\/wp\/v2\/posts\/2708","targetHints":{"allow":["GET"]}}],"collection":[{"href":"https:\/\/salvadoracontece.com.br\/index.php\/wp-json\/wp\/v2\/posts"}],"about":[{"href":"https:\/\/salvadoracontece.com.br\/index.php\/wp-json\/wp\/v2\/types\/post"}],"author":[{"embeddable":true,"href":"https:\/\/salvadoracontece.com.br\/index.php\/wp-json\/wp\/v2\/users\/2"}],"replies":[{"embeddable":true,"href":"https:\/\/salvadoracontece.com.br\/index.php\/wp-json\/wp\/v2\/comments?post=2708"}],"version-history":[{"count":1,"href":"https:\/\/salvadoracontece.com.br\/index.php\/wp-json\/wp\/v2\/posts\/2708\/revisions"}],"predecessor-version":[{"id":2711,"href":"https:\/\/salvadoracontece.com.br\/index.php\/wp-json\/wp\/v2\/posts\/2708\/revisions\/2711"}],"wp:featuredmedia":[{"embeddable":true,"href":"https:\/\/salvadoracontece.com.br\/index.php\/wp-json\/wp\/v2\/media\/2709"}],"wp:attachment":[{"href":"https:\/\/salvadoracontece.com.br\/index.php\/wp-json\/wp\/v2\/media?parent=2708"}],"wp:term":[{"taxonomy":"category","embeddable":true,"href":"https:\/\/salvadoracontece.com.br\/index.php\/wp-json\/wp\/v2\/categories?post=2708"},{"taxonomy":"post_tag","embeddable":true,"href":"https:\/\/salvadoracontece.com.br\/index.php\/wp-json\/wp\/v2\/tags?post=2708"}],"curies":[{"name":"wp","href":"https:\/\/api.w.org\/{rel}","templated":true}]}}