{"id":2787,"date":"2023-08-08T10:20:09","date_gmt":"2023-08-08T13:20:09","guid":{"rendered":"https:\/\/salvadoracontece.com.br\/?p=2787"},"modified":"2023-08-08T10:20:10","modified_gmt":"2023-08-08T13:20:10","slug":"prefeito-de-muritiba-na-bahia-e-baleado-no-rosto-durante-videoconferencia-entenda","status":"publish","type":"post","link":"https:\/\/salvadoracontece.com.br\/index.php\/2023\/08\/08\/prefeito-de-muritiba-na-bahia-e-baleado-no-rosto-durante-videoconferencia-entenda\/","title":{"rendered":"Prefeito de Muritiba, na Bahia, \u00e9 baleado no rosto durante videoconfer\u00eancia; entenda"},"content":{"rendered":"\n<p>Na noite dessa segunda-feira (7), o prefeito da\u00a0cidade\u00a0de\u00a0Muritiba\u00a0(BA),\u00a0Danilo Marques\u00a0Dias Sampaio (PSD), conhecido como\u00a0Danilo de Bab\u00e3o,\u00a0foi\u00a0v\u00edtima de um atentado\u00a0no s\u00edtio em que vive, na Zona Rural do Rec\u00f4ncavo.<\/p>\n\n\n\n<p>Informa\u00e7\u00f5es apontam que Danilo estava em casa, em uma videoconfer\u00eancia com a noiva, quando\u00a0tr\u00eas homens encapuzados\u00a0invadiram o local, o agrediram e\u00a0atiraram contra o prefeito. <\/p>\n\n\n\n<p>A\u00a0Pol\u00edcia\u00a0foi chamada pela companheira do homem, que\u00a0testemunhou\u00a0toda a\u00a0abordagem.\u00a0Al\u00e9m de atentar contra Danilo, os\u00a0criminosos roubaram\u00a0quantias em dinheiro, pertences pessoais e a chave do carro do prefeito.<\/p>\n\n\n\n<p>Ap\u00f3s ter sido baleado, Danilo se\u00a0escondeu\u00a0em\u00a0arbustos\u00a0da \u00e1rea externa do s\u00edtio, at\u00e9 o\u00a0fim da a\u00e7\u00e3o\u00a0dos criminosos. Com a chegada da Pol\u00edcia ao local, Danilo foi\u00a0resgatado\u00a0e\u00a0conduzido\u00a0a uma\u00a0Unidade de Pronto-Atendimento\u00a0(UPA) em Cruz das Almas, tamb\u00e9m no Rec\u00f4ncavo.<\/p>\n\n\n\n<p>Em nota oficial, a\u00a0Prefeitura\u00a0de Muritiba\u00a0informou que o prefeito solicitou, j\u00e1 ap\u00f3s o corrido, que a programa\u00e7\u00e3o cultural em comemora\u00e7\u00e3o aos 104 anos da cidade\u00a0n\u00e3o seja interrompida. <\/p>\n","protected":false},"excerpt":{"rendered":"<p>Na noite dessa segunda-feira (7), o prefeito da\u00a0cidade\u00a0de\u00a0Muritiba\u00a0(BA),\u00a0Danilo Marques\u00a0Dias Sampaio (PSD), conhecido como\u00a0Danilo de Bab\u00e3o,\u00a0foi\u00a0v\u00edtima de um atentado\u00a0no s\u00edtio em que vive, na Zona Rural do Rec\u00f4ncavo. Informa\u00e7\u00f5es apontam que Danilo estava em casa, em uma videoconfer\u00eancia com a noiva, quando\u00a0tr\u00eas homens encapuzados\u00a0invadiram o local, o agrediram e\u00a0atiraram contra o prefeito. A\u00a0Pol\u00edcia\u00a0foi chamada pela companheira [&hellip;]<\/p>\n","protected":false},"author":2,"featured_media":2788,"comment_status":"open","ping_status":"open","sticky":false,"template":"","format":"standard","meta":{"footnotes":""},"categories":[85,83],"tags":[],"class_list":["post-2787","post","type-post","status-publish","format-standard","has-post-thumbnail","hentry","category-noticias","category-seguranca"],"_links":{"self":[{"href":"https:\/\/salvadoracontece.com.br\/index.php\/wp-json\/wp\/v2\/posts\/2787","targetHints":{"allow":["GET"]}}],"collection":[{"href":"https:\/\/salvadoracontece.com.br\/index.php\/wp-json\/wp\/v2\/posts"}],"about":[{"href":"https:\/\/salvadoracontece.com.br\/index.php\/wp-json\/wp\/v2\/types\/post"}],"author":[{"embeddable":true,"href":"https:\/\/salvadoracontece.com.br\/index.php\/wp-json\/wp\/v2\/users\/2"}],"replies":[{"embeddable":true,"href":"https:\/\/salvadoracontece.com.br\/index.php\/wp-json\/wp\/v2\/comments?post=2787"}],"version-history":[{"count":1,"href":"https:\/\/salvadoracontece.com.br\/index.php\/wp-json\/wp\/v2\/posts\/2787\/revisions"}],"predecessor-version":[{"id":2789,"href":"https:\/\/salvadoracontece.com.br\/index.php\/wp-json\/wp\/v2\/posts\/2787\/revisions\/2789"}],"wp:featuredmedia":[{"embeddable":true,"href":"https:\/\/salvadoracontece.com.br\/index.php\/wp-json\/wp\/v2\/media\/2788"}],"wp:attachment":[{"href":"https:\/\/salvadoracontece.com.br\/index.php\/wp-json\/wp\/v2\/media?parent=2787"}],"wp:term":[{"taxonomy":"category","embeddable":true,"href":"https:\/\/salvadoracontece.com.br\/index.php\/wp-json\/wp\/v2\/categories?post=2787"},{"taxonomy":"post_tag","embeddable":true,"href":"https:\/\/salvadoracontece.com.br\/index.php\/wp-json\/wp\/v2\/tags?post=2787"}],"curies":[{"name":"wp","href":"https:\/\/api.w.org\/{rel}","templated":true}]}}