{"id":2968,"date":"2023-08-10T11:49:54","date_gmt":"2023-08-10T14:49:54","guid":{"rendered":"https:\/\/salvadoracontece.com.br\/?p=2968"},"modified":"2023-08-10T11:49:56","modified_gmt":"2023-08-10T14:49:56","slug":"com-os-campeoes-olimpicos-arthur-zanetti-e-rebeca-andrade-bahia-sedia-brasileiro-de-ginastica-artistica","status":"publish","type":"post","link":"https:\/\/salvadoracontece.com.br\/index.php\/2023\/08\/10\/com-os-campeoes-olimpicos-arthur-zanetti-e-rebeca-andrade-bahia-sedia-brasileiro-de-ginastica-artistica\/","title":{"rendered":"Com os campe\u00f5es ol\u00edmpicos Arthur Zanetti e Rebeca Andrade, Bahia sedia Brasileiro de Gin\u00e1stica Art\u00edstica"},"content":{"rendered":"\n<p>Pelo segundo ano consecutivo, a Bahia receber\u00e1 o Campeonato Brasileiro de Gin\u00e1stica Art\u00edstica entre a partir do pr\u00f3ximo domingo (13) at\u00e9 o dia 20 deste m\u00eas. A competi\u00e7\u00e3o acontecer\u00e1 na Arena de Esportes da Bahia, em Lauro de Freitas, e vai contar com os campe\u00f5es ol\u00edmpicos Arthur Zanetti e Rebeca Andrade, que foi celebrada pela presidente da Federa\u00e7\u00e3o Bahiana de Gin\u00e1stica (FBG), Evelin L\u00f4bo.<\/p>\n\n\n\n<p>&#8220;\u00c9 muita felicidade para a FBG recebermos mais uma vez uma das competi\u00e7\u00f5es mais importantes do calend\u00e1rio nacional da gin\u00e1stica. Em 2022, tivemos um lindo evento e temos certeza que essa ser\u00e1 mais uma competi\u00e7\u00e3o incr\u00edvel. Convidamos os baianos que admiram e gostam da gin\u00e1stica que venham prestigiar a Gin\u00e1stica Art\u00edstica Brasileira. Agradecemos a confian\u00e7a da Confedera\u00e7\u00e3o Brasileira de Gin\u00e1stica e garantimos que com todo o nosso ax\u00e9 e alegria ser\u00e1 um evento inesquec\u00edvel&#8221;, afirmou.<\/p>\n\n\n\n<p>Arthur Zanetti conquistou a medalha de ouro nas argolas dos Jogos Ol\u00edmpicos de Londres-2012. J\u00e1 Rebeca Andrade subiu no lugar mais alto do p\u00f3dio no salto da gin\u00e1stica art\u00edstica nas Olimp\u00edadas de T\u00f3quio-2020, realizadas em 2021. Al\u00e9m da dupla de campe\u00f5es, a disputa em terras baianas ainda ter\u00e1 outros nomes de peso na modalidade do pa\u00eds, como Fl\u00e1via Saraiva, Arthur Nory, Francisco Barreto, Lorrane Oliveira, Caio Souza, entre outros.<\/p>\n\n\n\n<p><\/p>\n","protected":false},"excerpt":{"rendered":"<p>Pelo segundo ano consecutivo, a Bahia receber\u00e1 o Campeonato Brasileiro de Gin\u00e1stica Art\u00edstica entre a partir do pr\u00f3ximo domingo (13) at\u00e9 o dia 20 deste m\u00eas. A competi\u00e7\u00e3o acontecer\u00e1 na Arena de Esportes da Bahia, em Lauro de Freitas, e vai contar com os campe\u00f5es ol\u00edmpicos Arthur Zanetti e Rebeca Andrade, que foi celebrada pela [&hellip;]<\/p>\n","protected":false},"author":2,"featured_media":2969,"comment_status":"open","ping_status":"open","sticky":false,"template":"","format":"standard","meta":{"footnotes":""},"categories":[89],"tags":[],"class_list":["post-2968","post","type-post","status-publish","format-standard","has-post-thumbnail","hentry","category-esportes"],"_links":{"self":[{"href":"https:\/\/salvadoracontece.com.br\/index.php\/wp-json\/wp\/v2\/posts\/2968","targetHints":{"allow":["GET"]}}],"collection":[{"href":"https:\/\/salvadoracontece.com.br\/index.php\/wp-json\/wp\/v2\/posts"}],"about":[{"href":"https:\/\/salvadoracontece.com.br\/index.php\/wp-json\/wp\/v2\/types\/post"}],"author":[{"embeddable":true,"href":"https:\/\/salvadoracontece.com.br\/index.php\/wp-json\/wp\/v2\/users\/2"}],"replies":[{"embeddable":true,"href":"https:\/\/salvadoracontece.com.br\/index.php\/wp-json\/wp\/v2\/comments?post=2968"}],"version-history":[{"count":1,"href":"https:\/\/salvadoracontece.com.br\/index.php\/wp-json\/wp\/v2\/posts\/2968\/revisions"}],"predecessor-version":[{"id":2970,"href":"https:\/\/salvadoracontece.com.br\/index.php\/wp-json\/wp\/v2\/posts\/2968\/revisions\/2970"}],"wp:featuredmedia":[{"embeddable":true,"href":"https:\/\/salvadoracontece.com.br\/index.php\/wp-json\/wp\/v2\/media\/2969"}],"wp:attachment":[{"href":"https:\/\/salvadoracontece.com.br\/index.php\/wp-json\/wp\/v2\/media?parent=2968"}],"wp:term":[{"taxonomy":"category","embeddable":true,"href":"https:\/\/salvadoracontece.com.br\/index.php\/wp-json\/wp\/v2\/categories?post=2968"},{"taxonomy":"post_tag","embeddable":true,"href":"https:\/\/salvadoracontece.com.br\/index.php\/wp-json\/wp\/v2\/tags?post=2968"}],"curies":[{"name":"wp","href":"https:\/\/api.w.org\/{rel}","templated":true}]}}