{"id":3408,"date":"2023-08-23T11:00:32","date_gmt":"2023-08-23T14:00:32","guid":{"rendered":"https:\/\/salvadoracontece.com.br\/?p=3408"},"modified":"2023-08-23T11:00:34","modified_gmt":"2023-08-23T14:00:34","slug":"com-lesao-na-panturrilha-lateral-deve-desfalcar-o-botafogo-nos-jogos-contra-defensa-y-justicia-e-bahia","status":"publish","type":"post","link":"https:\/\/salvadoracontece.com.br\/index.php\/2023\/08\/23\/com-lesao-na-panturrilha-lateral-deve-desfalcar-o-botafogo-nos-jogos-contra-defensa-y-justicia-e-bahia\/","title":{"rendered":"Com les\u00e3o na panturrilha, lateral deve desfalcar o Botafogo nos jogos contra Defensa y Justicia e Bahia"},"content":{"rendered":"\n<p>O Botafogo n\u00e3o dever\u00e1 contar com o lateral-esquerdo Mar\u00e7al contra o Defensa y Justicia, na noite desta quarta-feira (23), \u00e0s 19h, no Engenh\u00e3o, pelo jogo de ida das quartas de final da Copa Sul-Americana. Com uma les\u00e3o na panturrilha, ele tamb\u00e9m pode ficar do compromisso diante do Bahia, no pr\u00f3ximo domingo (27), pelo Campeonato Brasileiro.&nbsp;<\/p>\n\n\n\n<p>No \u00faltimo s\u00e1bado (19), Mar\u00e7al deixou o gramado no compromisso do Fog\u00e3o contra o S\u00e3o Paulo com dores na regi\u00e3o. Segundo o site ge.globo, o atleta teve um problema muscular, que apesar de n\u00e3o ser grave, o deixar\u00e1 afastado de algumas partidas por precau\u00e7\u00e3o para evitar problemas futuros. Contra o time argentino, o substituto deve ser Hugo.<\/p>\n\n\n\n<p>Al\u00e9m de Mar\u00e7al, o Alvinegro tamb\u00e9m n\u00e3o vai contar com o lateral-direito Di Pl\u00e1cido e nem com o volante Tch\u00ea Tch\u00ea para o duelo contra o Tricolor baiano. A dupla recebeu o terceiro cart\u00e3o amarelo contra o Tricolor paulista e vai cumprir suspens\u00e3o autom\u00e1tica.<\/p>\n\n\n\n<p>Botafogo e Bahia medem for\u00e7as a partir das 16h, no Engenh\u00e3o, pela 21\u00aa rodada do Brasileir\u00e3o. O Fog\u00e3o \u00e9 o l\u00edder isolado da tabela de classifica\u00e7\u00e3o com 48 pontos, 11 a mais do que o Palmeiras, que \u00e9 o segundo. Com 21, o Tricolor baiano est\u00e1 fora da zona de rebaixamento ocupando o 16\u00ba lugar tem a mesma pontua\u00e7\u00e3o do Santos, que abre a degola em 17\u00ba, mas leva vantagem no saldo de gols.<\/p>\n\n\n\n<p>Fonte: Bahia Not\u00edcias<\/p>\n","protected":false},"excerpt":{"rendered":"<p>O Botafogo n\u00e3o dever\u00e1 contar com o lateral-esquerdo Mar\u00e7al contra o Defensa y Justicia, na noite desta quarta-feira (23), \u00e0s 19h, no Engenh\u00e3o, pelo jogo de ida das quartas de final da Copa Sul-Americana. Com uma les\u00e3o na panturrilha, ele tamb\u00e9m pode ficar do compromisso diante do Bahia, no pr\u00f3ximo domingo (27), pelo Campeonato Brasileiro.&nbsp; [&hellip;]<\/p>\n","protected":false},"author":2,"featured_media":3409,"comment_status":"open","ping_status":"open","sticky":false,"template":"","format":"standard","meta":{"footnotes":""},"categories":[89],"tags":[],"class_list":["post-3408","post","type-post","status-publish","format-standard","has-post-thumbnail","hentry","category-esportes"],"_links":{"self":[{"href":"https:\/\/salvadoracontece.com.br\/index.php\/wp-json\/wp\/v2\/posts\/3408","targetHints":{"allow":["GET"]}}],"collection":[{"href":"https:\/\/salvadoracontece.com.br\/index.php\/wp-json\/wp\/v2\/posts"}],"about":[{"href":"https:\/\/salvadoracontece.com.br\/index.php\/wp-json\/wp\/v2\/types\/post"}],"author":[{"embeddable":true,"href":"https:\/\/salvadoracontece.com.br\/index.php\/wp-json\/wp\/v2\/users\/2"}],"replies":[{"embeddable":true,"href":"https:\/\/salvadoracontece.com.br\/index.php\/wp-json\/wp\/v2\/comments?post=3408"}],"version-history":[{"count":1,"href":"https:\/\/salvadoracontece.com.br\/index.php\/wp-json\/wp\/v2\/posts\/3408\/revisions"}],"predecessor-version":[{"id":3410,"href":"https:\/\/salvadoracontece.com.br\/index.php\/wp-json\/wp\/v2\/posts\/3408\/revisions\/3410"}],"wp:featuredmedia":[{"embeddable":true,"href":"https:\/\/salvadoracontece.com.br\/index.php\/wp-json\/wp\/v2\/media\/3409"}],"wp:attachment":[{"href":"https:\/\/salvadoracontece.com.br\/index.php\/wp-json\/wp\/v2\/media?parent=3408"}],"wp:term":[{"taxonomy":"category","embeddable":true,"href":"https:\/\/salvadoracontece.com.br\/index.php\/wp-json\/wp\/v2\/categories?post=3408"},{"taxonomy":"post_tag","embeddable":true,"href":"https:\/\/salvadoracontece.com.br\/index.php\/wp-json\/wp\/v2\/tags?post=3408"}],"curies":[{"name":"wp","href":"https:\/\/api.w.org\/{rel}","templated":true}]}}