{"id":3411,"date":"2023-08-23T11:24:31","date_gmt":"2023-08-23T14:24:31","guid":{"rendered":"https:\/\/salvadoracontece.com.br\/?p=3411"},"modified":"2023-08-23T11:24:34","modified_gmt":"2023-08-23T14:24:34","slug":"al-ba-marca-para-quinta-feira-votacao-do-fundef-e-de-emprestimo-milionario","status":"publish","type":"post","link":"https:\/\/salvadoracontece.com.br\/index.php\/2023\/08\/23\/al-ba-marca-para-quinta-feira-votacao-do-fundef-e-de-emprestimo-milionario\/","title":{"rendered":"AL-BA marca para quinta-feira vota\u00e7\u00e3o do Fundef e de empr\u00e9stimo milion\u00e1rio"},"content":{"rendered":"\n<p>Os deputados estaduais baianos t\u00eam compromisso marcado para a noite de quinta-feira (24). O presidente da Assembleia Legislativa da Bahia (AL-BA), Aldolfo Menezes (PSD), convocou sess\u00e3o extraordin\u00e1ria para que os parlamentares apreciem dois importantes projetos do Executivo Estadual.<\/p>\n\n\n\n<p>A partir das 19h20, no plen\u00e1rio Orlando Sp\u00ednola estar\u00e3o em pauta os Projetos de Lei 25.033\/2023 e 25.025\/2023 que tratam sobre a regulamenta\u00e7\u00e3o do\u00a0Fundo de Manuten\u00e7\u00e3o e Desenvolvimento do Ensino Fundamental e de Valoriza\u00e7\u00e3o do Magist\u00e9rio (Fundef)\u00a0e do\u00a0<a rel=\"noreferrer noopener\" href=\"https:\/\/www.bahianoticias.com.br\/noticia\/283143-jeronimo-envia-para-analise-da-al-ba-pedidos-de-emprestimos-de-rdollar-171-bilhao\" target=\"_blank\">empr\u00e9stimo de R$ 400 milh\u00f5es<\/a>\u00a0solicitado pelo governador Jer\u00f4nimo Rodrigues (PT) junto \u00e0 Caixa, respectivamente. <\/p>\n\n\n\n<p>Na sess\u00e3o da \u00faltima segunda (21), os parlamentares aprovaram a tramita\u00e7\u00e3o em regime de urg\u00eancia para as duas propostas. Alvo de cr\u00edtica dos professores, o PL que visa regulamentar o Fundef foi alterado de \u00faltima hora nesta semana e agora vai destinar 90% do fundo para os profissionais de educa\u00e7\u00e3o ante 80% previsto anteriormente. A categoria se mant\u00e9m mobilizado na cobran\u00e7a do pagamento de juros e corre\u00e7\u00e3o monet\u00e1ria, que\u00a0 governo se nega a pagar.<\/p>\n\n\n\n<p>J\u00e1 o empr\u00e9stimo pretendido pelo Governo do Estado est\u00e1 no \u00e2mbito do Programa de Financiamento \u00e0 Infraestrutura e ao Saneamento (Finisa). \u201cOs recursos provenientes desta opera\u00e7\u00e3o ser\u00e3o destinados \u00e0 viabiliza\u00e7\u00e3o de projetos nas \u00e1reas de mobilidade urbana, infraestrutura urbana e infraestrutura vi\u00e1ria\u201d, justifica o governo. <\/p>\n\n\n\n<p>Fonte: Bahia Not\u00edcias <\/p>\n","protected":false},"excerpt":{"rendered":"<p>Os deputados estaduais baianos t\u00eam compromisso marcado para a noite de quinta-feira (24). O presidente da Assembleia Legislativa da Bahia (AL-BA), Aldolfo Menezes (PSD), convocou sess\u00e3o extraordin\u00e1ria para que os parlamentares apreciem dois importantes projetos do Executivo Estadual. A partir das 19h20, no plen\u00e1rio Orlando Sp\u00ednola estar\u00e3o em pauta os Projetos de Lei 25.033\/2023 e [&hellip;]<\/p>\n","protected":false},"author":2,"featured_media":3412,"comment_status":"open","ping_status":"open","sticky":false,"template":"","format":"standard","meta":{"footnotes":""},"categories":[91],"tags":[],"class_list":["post-3411","post","type-post","status-publish","format-standard","has-post-thumbnail","hentry","category-politica"],"_links":{"self":[{"href":"https:\/\/salvadoracontece.com.br\/index.php\/wp-json\/wp\/v2\/posts\/3411","targetHints":{"allow":["GET"]}}],"collection":[{"href":"https:\/\/salvadoracontece.com.br\/index.php\/wp-json\/wp\/v2\/posts"}],"about":[{"href":"https:\/\/salvadoracontece.com.br\/index.php\/wp-json\/wp\/v2\/types\/post"}],"author":[{"embeddable":true,"href":"https:\/\/salvadoracontece.com.br\/index.php\/wp-json\/wp\/v2\/users\/2"}],"replies":[{"embeddable":true,"href":"https:\/\/salvadoracontece.com.br\/index.php\/wp-json\/wp\/v2\/comments?post=3411"}],"version-history":[{"count":1,"href":"https:\/\/salvadoracontece.com.br\/index.php\/wp-json\/wp\/v2\/posts\/3411\/revisions"}],"predecessor-version":[{"id":3413,"href":"https:\/\/salvadoracontece.com.br\/index.php\/wp-json\/wp\/v2\/posts\/3411\/revisions\/3413"}],"wp:featuredmedia":[{"embeddable":true,"href":"https:\/\/salvadoracontece.com.br\/index.php\/wp-json\/wp\/v2\/media\/3412"}],"wp:attachment":[{"href":"https:\/\/salvadoracontece.com.br\/index.php\/wp-json\/wp\/v2\/media?parent=3411"}],"wp:term":[{"taxonomy":"category","embeddable":true,"href":"https:\/\/salvadoracontece.com.br\/index.php\/wp-json\/wp\/v2\/categories?post=3411"},{"taxonomy":"post_tag","embeddable":true,"href":"https:\/\/salvadoracontece.com.br\/index.php\/wp-json\/wp\/v2\/tags?post=3411"}],"curies":[{"name":"wp","href":"https:\/\/api.w.org\/{rel}","templated":true}]}}