{"id":3414,"date":"2023-08-23T11:35:19","date_gmt":"2023-08-23T14:35:19","guid":{"rendered":"https:\/\/salvadoracontece.com.br\/?p=3414"},"modified":"2023-08-23T11:35:21","modified_gmt":"2023-08-23T14:35:21","slug":"bolsonaro-admite-ter-pedido-para-disparar-textos-sobre-seguranca-das-urnas","status":"publish","type":"post","link":"https:\/\/salvadoracontece.com.br\/index.php\/2023\/08\/23\/bolsonaro-admite-ter-pedido-para-disparar-textos-sobre-seguranca-das-urnas\/","title":{"rendered":"Bolsonaro admite ter pedido para disparar textos sobre seguran\u00e7a das urnas"},"content":{"rendered":"\n<p>O ex-presidente Jair Bolsonaro (PL) admitiu ter pedido a um empres\u00e1rio para &#8220;repassar ao m\u00e1ximo&#8221; mensagem questionando as urnas eletr\u00f4nicas.<\/p>\n\n\n\n<p>Eu mandei para o Meyer, qual o problema? O [ministro do Supremo Tribunal Federal e ent\u00e3o presidente do Tribunal Superior Eleitoral Lu\u00eds Roberto Barroso tinha falado no exterior [sobre a derrota da proposta do voto impresso na C\u00e2mara, em 2021], eu sempre fui um defensor do voto impresso&#8221;, disse Bolsonaro ao jornal &#8220;Folha de S.Paulo&#8221;. As informa\u00e7\u00f5es s\u00e3o do g1<\/p>\n\n\n\n<p>Na investiga\u00e7\u00e3o sobre um grupo de empres\u00e1rios que discutiram, pelo WhatsApp, um golpe de estado, a Pol\u00edcia Federal encontrou uma mensagem do contato &#8220;PR Bolsonaro 8&#8221; que ataca, sem provas, o Tribunal Superior Eleitoral, o Supremo Tribunal Federal e o instituto de pesquisa Datafolha.<\/p>\n\n\n\n<p>Ao final, o pedido: &#8220;Repasse ao m\u00e1ximo&#8221;.<\/p>\n\n\n\n<p>A mensagem foi revelada pelo blog da Daniela Lima. No texto atribu\u00eddo a Bolsonaro, o ex-presidente ataca integrantes do Supremo, como tamb\u00e9m comenta sobre fake news e critica a a\u00e7\u00e3o do ministro Lu\u00eds Roberto Barroso de defender o &#8220;processo eleitoral como algo seguro e confi\u00e1vel&#8221; e trata a defesa do voto eletr\u00f4nico como &#8220;interfer\u00eancia&#8221;.<\/p>\n\n\n\n<p>Ap\u00f3s a ordem para disparar a fake news e os ataques a Barroso e outros ministros do STF e do TSE n\u00e3o nominados, Bolsonaro recebe uma resposta de Meyer Nigri. &#8220;J\u00e1 repassei para v\u00e1rios grupos!&#8221;. Ao se despedir do agora ex-presidente, o empres\u00e1rio envia &#8220;abra\u00e7os de Veneza&#8221;.<\/p>\n\n\n\n<p>Nigri \u00e9 um dos seis dos empres\u00e1rios que foram alvo de mandados em raz\u00e3o de conversas em aplicativo de mensagens sobre um suposto golpe de estado. Na segunda-feira (21), o ministro Alexandre de Moraes, do Supremo Tribunal Federal (STF) deu \u00e0 Pol\u00edcia Federal mais 60 dias para que sejam feitas dilig\u00eancias em rela\u00e7\u00e3o a Nigri.<\/p>\n\n\n\n<p>&#8220;A dila\u00e7\u00e3o de prazo solicitada pela Pol\u00edcia Federal \u00e9 justificada, uma vez que, em rela\u00e7\u00e3o ao investigado Meyer Joseph Nigri h\u00e1 necessidade da continuidade das dilig\u00eancias, pois o relat\u00f3rio da Pol\u00edcia Federal ratificou a exist\u00eancia de v\u00ednculo entre ele e o ex-presidente Jair Bolsonaro, inclusive com a finalidade de dissemina\u00e7\u00e3o de v\u00e1rias not\u00edcias falsas e atentat\u00f3rias \u00e0 Democracia e ao Estado Democr\u00e1tico de Direito&#8221;, justificou Moraes.<\/p>\n\n\n\n<p>A Pol\u00edcia Federal convocou o ex-presidente para depor no dia 31 de agosto. Ser\u00e1 o quinto depoimento de Jair Bolsonaro em investiga\u00e7\u00f5es abertas pela PF. Ele j\u00e1 teve que dar:<\/p>\n\n\n\n<p>Explica\u00e7\u00f5es sobre as joias doadas pelo governo saudita;<\/p>\n\n\n\n<p>Sobre os atos golpistas de 8 de janeiro;<\/p>\n\n\n\n<p>Sobre a suspeita de fraude de cart\u00f5es de vacina\u00e7\u00e3o;<\/p>\n\n\n\n<p>Sobre o suposto plano de golpe denunciado pelo senador Marcos do Val.<\/p>\n\n\n\n<p>A defesa de Meyer Nigri disse que ele jamais foi disseminador de not\u00edcias falsas; que apenas encaminhou mensagens de terceiros para fomentar o leg\u00edtimo debate de ideias de forma eventual e particular; que Meyer Nigri sequer possui contas em redes sociais ou em qualquer outra plataforma de dissemina\u00e7\u00e3o em massa; e que tem plena certeza de que ficar\u00e1 devidamente demostrado que n\u00e3o praticou crime algum. <\/p>\n\n\n\n<p>Fonte: Bahia Not\u00edcias<\/p>\n","protected":false},"excerpt":{"rendered":"<p>O ex-presidente Jair Bolsonaro (PL) admitiu ter pedido a um empres\u00e1rio para &#8220;repassar ao m\u00e1ximo&#8221; mensagem questionando as urnas eletr\u00f4nicas. Eu mandei para o Meyer, qual o problema? O [ministro do Supremo Tribunal Federal e ent\u00e3o presidente do Tribunal Superior Eleitoral Lu\u00eds Roberto Barroso tinha falado no exterior [sobre a derrota da proposta do voto [&hellip;]<\/p>\n","protected":false},"author":2,"featured_media":3415,"comment_status":"open","ping_status":"open","sticky":false,"template":"","format":"standard","meta":{"footnotes":""},"categories":[91],"tags":[],"class_list":["post-3414","post","type-post","status-publish","format-standard","has-post-thumbnail","hentry","category-politica"],"_links":{"self":[{"href":"https:\/\/salvadoracontece.com.br\/index.php\/wp-json\/wp\/v2\/posts\/3414","targetHints":{"allow":["GET"]}}],"collection":[{"href":"https:\/\/salvadoracontece.com.br\/index.php\/wp-json\/wp\/v2\/posts"}],"about":[{"href":"https:\/\/salvadoracontece.com.br\/index.php\/wp-json\/wp\/v2\/types\/post"}],"author":[{"embeddable":true,"href":"https:\/\/salvadoracontece.com.br\/index.php\/wp-json\/wp\/v2\/users\/2"}],"replies":[{"embeddable":true,"href":"https:\/\/salvadoracontece.com.br\/index.php\/wp-json\/wp\/v2\/comments?post=3414"}],"version-history":[{"count":1,"href":"https:\/\/salvadoracontece.com.br\/index.php\/wp-json\/wp\/v2\/posts\/3414\/revisions"}],"predecessor-version":[{"id":3416,"href":"https:\/\/salvadoracontece.com.br\/index.php\/wp-json\/wp\/v2\/posts\/3414\/revisions\/3416"}],"wp:featuredmedia":[{"embeddable":true,"href":"https:\/\/salvadoracontece.com.br\/index.php\/wp-json\/wp\/v2\/media\/3415"}],"wp:attachment":[{"href":"https:\/\/salvadoracontece.com.br\/index.php\/wp-json\/wp\/v2\/media?parent=3414"}],"wp:term":[{"taxonomy":"category","embeddable":true,"href":"https:\/\/salvadoracontece.com.br\/index.php\/wp-json\/wp\/v2\/categories?post=3414"},{"taxonomy":"post_tag","embeddable":true,"href":"https:\/\/salvadoracontece.com.br\/index.php\/wp-json\/wp\/v2\/tags?post=3414"}],"curies":[{"name":"wp","href":"https:\/\/api.w.org\/{rel}","templated":true}]}}