{"id":3417,"date":"2023-08-23T14:01:52","date_gmt":"2023-08-23T17:01:52","guid":{"rendered":"https:\/\/salvadoracontece.com.br\/?p=3417"},"modified":"2023-08-23T14:01:54","modified_gmt":"2023-08-23T17:01:54","slug":"beyonce-anuncia-fim-da-renaissance-tour-e-deixa-fas-brasileiros-desapontados","status":"publish","type":"post","link":"https:\/\/salvadoracontece.com.br\/index.php\/2023\/08\/23\/beyonce-anuncia-fim-da-renaissance-tour-e-deixa-fas-brasileiros-desapontados\/","title":{"rendered":"Beyonc\u00e9 anuncia fim da Renaissance Tour e deixa f\u00e3s brasileiros desapontados"},"content":{"rendered":"\n<p>Muitos f\u00e3s da artista lamentaram o final da turn\u00ea&nbsp;que chegar\u00e1 ao fim em setembro, com grandes especula\u00e7\u00f5es de que ela traria a grande estrutura e o mega espetaculo do seu show para o Brasil como ocorreu em grande parte de outros paises da Europa e Am\u00e9rica do Norte.&nbsp;<\/p>\n\n\n\n<p>Na publica\u00e7\u00e3o, ela ainda pediu que os f\u00e3s usem roupas prateadas em suas \u00faltimas apresenta\u00e7\u00f5es, que v\u00e3o ocorrer nos Estados Unidos.<br><br><img decoding=\"async\" alt=\"\" src=\"https:\/\/api.varelanet.com.br\/fotos\/varela_noticias\/41526\/mg\/WhatsApp%20Image%202023-08-23%20at%2012.57.17.1.jpg\"><\/p>\n\n\n\n<p>&#8220;A temporada Virgem est\u00e1 sobre n\u00f3s. Esta tour foi uma alegria e como est\u00e1 se aproximando do seu \u00faltimo m\u00eas, meu desejo de anivers\u00e1rio \u00e9 comemorar com voc\u00eas vestindo suas mais fabulosas roupas prateadas para os shows de 23 de agosto a 22 de setembro. Estaremos cercados em uma bola de discoteca humana brilhante todas as noites, todos espelhando a alegria uns dos outros&#8221;, pediu artista.<\/p>\n\n\n\n<p>Essa \u00e9 a sexta turn\u00ea de Beyonc\u00ea, que come\u00e7ou no dia 10 de maio. A cantora se apresentar\u00e1 na B\u00e9lgica, Pa\u00eds de Gales, Esc\u00f3cia, Inglaterra, Fran\u00e7a, Espanha, Alemanha, Holanda, Pol\u00f4nia, Canad\u00e1 e Estados Unidos. A estimativa \u00e9 que a turn\u00ea arrecade cerca de 2 bilh\u00f5es de libras (R$ 12 bilh\u00f5es). O \u00faltimo show da turn\u00ea ser\u00e1 no Kansas (EUA).<\/p>\n\n\n\n<p>Fonte: Varela Net <\/p>\n","protected":false},"excerpt":{"rendered":"<p>Muitos f\u00e3s da artista lamentaram o final da turn\u00ea&nbsp;que chegar\u00e1 ao fim em setembro, com grandes especula\u00e7\u00f5es de que ela traria a grande estrutura e o mega espetaculo do seu show para o Brasil como ocorreu em grande parte de outros paises da Europa e Am\u00e9rica do Norte.&nbsp; Na publica\u00e7\u00e3o, ela ainda pediu que os [&hellip;]<\/p>\n","protected":false},"author":2,"featured_media":3418,"comment_status":"open","ping_status":"open","sticky":false,"template":"","format":"standard","meta":{"footnotes":""},"categories":[93],"tags":[],"class_list":["post-3417","post","type-post","status-publish","format-standard","has-post-thumbnail","hentry","category-entretenimento"],"_links":{"self":[{"href":"https:\/\/salvadoracontece.com.br\/index.php\/wp-json\/wp\/v2\/posts\/3417","targetHints":{"allow":["GET"]}}],"collection":[{"href":"https:\/\/salvadoracontece.com.br\/index.php\/wp-json\/wp\/v2\/posts"}],"about":[{"href":"https:\/\/salvadoracontece.com.br\/index.php\/wp-json\/wp\/v2\/types\/post"}],"author":[{"embeddable":true,"href":"https:\/\/salvadoracontece.com.br\/index.php\/wp-json\/wp\/v2\/users\/2"}],"replies":[{"embeddable":true,"href":"https:\/\/salvadoracontece.com.br\/index.php\/wp-json\/wp\/v2\/comments?post=3417"}],"version-history":[{"count":1,"href":"https:\/\/salvadoracontece.com.br\/index.php\/wp-json\/wp\/v2\/posts\/3417\/revisions"}],"predecessor-version":[{"id":3419,"href":"https:\/\/salvadoracontece.com.br\/index.php\/wp-json\/wp\/v2\/posts\/3417\/revisions\/3419"}],"wp:featuredmedia":[{"embeddable":true,"href":"https:\/\/salvadoracontece.com.br\/index.php\/wp-json\/wp\/v2\/media\/3418"}],"wp:attachment":[{"href":"https:\/\/salvadoracontece.com.br\/index.php\/wp-json\/wp\/v2\/media?parent=3417"}],"wp:term":[{"taxonomy":"category","embeddable":true,"href":"https:\/\/salvadoracontece.com.br\/index.php\/wp-json\/wp\/v2\/categories?post=3417"},{"taxonomy":"post_tag","embeddable":true,"href":"https:\/\/salvadoracontece.com.br\/index.php\/wp-json\/wp\/v2\/tags?post=3417"}],"curies":[{"name":"wp","href":"https:\/\/api.w.org\/{rel}","templated":true}]}}