{"id":3420,"date":"2023-08-23T14:02:38","date_gmt":"2023-08-23T17:02:38","guid":{"rendered":"https:\/\/salvadoracontece.com.br\/?p=3420"},"modified":"2023-08-23T14:02:48","modified_gmt":"2023-08-23T17:02:48","slug":"bahia-anuncia-oficialmente-a-compra-do-zagueiro-kanu","status":"publish","type":"post","link":"https:\/\/salvadoracontece.com.br\/index.php\/2023\/08\/23\/bahia-anuncia-oficialmente-a-compra-do-zagueiro-kanu\/","title":{"rendered":"Bahia anuncia oficialmente a compra do zagueiro Kanu"},"content":{"rendered":"\n<p>O Bahia anunciou oficialmente a compra do zagueiro Kanu, que estava no Tricolor por empr\u00e9stimo junto ao Botafogo. O defensor assinou com o Esquadr\u00e3o at\u00e9 dezembro de 2027.<\/p>\n\n\n\n<p>Agora jogador do Tricolor baiano, Kanu poder\u00e1 entrar em campo na pr\u00f3xima rodada do Campeonato Brasileiro quando a equipe enfrenta a equipe carioca, no Rio de Janeiro.<\/p>\n\n\n\n<p>Titular absoluto e capit\u00e3o da equipe, o zagueiro j\u00e1 atuou por 34 partidas com a camisa do Bahia nesta temporada.<\/p>\n\n\n\n<p>Fonte: Varela Net <\/p>\n","protected":false},"excerpt":{"rendered":"<p>O Bahia anunciou oficialmente a compra do zagueiro Kanu, que estava no Tricolor por empr\u00e9stimo junto ao Botafogo. O defensor assinou com o Esquadr\u00e3o at\u00e9 dezembro de 2027. Agora jogador do Tricolor baiano, Kanu poder\u00e1 entrar em campo na pr\u00f3xima rodada do Campeonato Brasileiro quando a equipe enfrenta a equipe carioca, no Rio de Janeiro. [&hellip;]<\/p>\n","protected":false},"author":2,"featured_media":3421,"comment_status":"open","ping_status":"open","sticky":false,"template":"","format":"standard","meta":{"footnotes":""},"categories":[89],"tags":[],"class_list":["post-3420","post","type-post","status-publish","format-standard","has-post-thumbnail","hentry","category-esportes"],"_links":{"self":[{"href":"https:\/\/salvadoracontece.com.br\/index.php\/wp-json\/wp\/v2\/posts\/3420","targetHints":{"allow":["GET"]}}],"collection":[{"href":"https:\/\/salvadoracontece.com.br\/index.php\/wp-json\/wp\/v2\/posts"}],"about":[{"href":"https:\/\/salvadoracontece.com.br\/index.php\/wp-json\/wp\/v2\/types\/post"}],"author":[{"embeddable":true,"href":"https:\/\/salvadoracontece.com.br\/index.php\/wp-json\/wp\/v2\/users\/2"}],"replies":[{"embeddable":true,"href":"https:\/\/salvadoracontece.com.br\/index.php\/wp-json\/wp\/v2\/comments?post=3420"}],"version-history":[{"count":1,"href":"https:\/\/salvadoracontece.com.br\/index.php\/wp-json\/wp\/v2\/posts\/3420\/revisions"}],"predecessor-version":[{"id":3422,"href":"https:\/\/salvadoracontece.com.br\/index.php\/wp-json\/wp\/v2\/posts\/3420\/revisions\/3422"}],"wp:featuredmedia":[{"embeddable":true,"href":"https:\/\/salvadoracontece.com.br\/index.php\/wp-json\/wp\/v2\/media\/3421"}],"wp:attachment":[{"href":"https:\/\/salvadoracontece.com.br\/index.php\/wp-json\/wp\/v2\/media?parent=3420"}],"wp:term":[{"taxonomy":"category","embeddable":true,"href":"https:\/\/salvadoracontece.com.br\/index.php\/wp-json\/wp\/v2\/categories?post=3420"},{"taxonomy":"post_tag","embeddable":true,"href":"https:\/\/salvadoracontece.com.br\/index.php\/wp-json\/wp\/v2\/tags?post=3420"}],"curies":[{"name":"wp","href":"https:\/\/api.w.org\/{rel}","templated":true}]}}