{"id":3423,"date":"2023-08-23T14:03:27","date_gmt":"2023-08-23T17:03:27","guid":{"rendered":"https:\/\/salvadoracontece.com.br\/?p=3423"},"modified":"2023-08-23T14:03:29","modified_gmt":"2023-08-23T17:03:29","slug":"lula-diz-que-moeda-do-brics-reduzira-vulnerabilidades","status":"publish","type":"post","link":"https:\/\/salvadoracontece.com.br\/index.php\/2023\/08\/23\/lula-diz-que-moeda-do-brics-reduzira-vulnerabilidades\/","title":{"rendered":"Lula diz que moeda do Brics reduzir\u00e1 vulnerabilidades"},"content":{"rendered":"\n<p>Em discurso na sess\u00e3o plen\u00e1ria ampliada da XV C\u00fapula dos Brics, o presidente Luiz In\u00e1cio Lula da Silva afirmou, nesta quarta-feira (23), que a cria\u00e7\u00e3o de uma moeda \u00fanica para transa\u00e7\u00f5es comerciais entre os pa\u00edses do bloco reduzir\u00e1 vulnerabilidades dessas na\u00e7\u00f5es. Al\u00e9m do Brasil, o grupo re\u00fane China, \u00cdndia, R\u00fassia e \u00c1frica do Sul, pa\u00eds-sede da c\u00fapula deste ano.&nbsp;<\/p>\n\n\n\n<p>\u201cA cria\u00e7\u00e3o de uma moeda para as transa\u00e7\u00f5es comerciais e investimentos entre os membros do Brics aumenta nossas condi\u00e7\u00f5es de pagamento e reduz nossas vulnerabilidades\u201d, disse Lula durante a plen\u00e1ria.&nbsp;<\/p>\n\n\n\n<p>Ele tamb\u00e9m afirmou que o interesse de outros pa\u00edses em se juntar ao Brics demonstra a relev\u00e2ncia crescente do bloco.&nbsp;<\/p>\n\n\n\n<p><strong>Financiamentos globais<\/strong><br>Lula criticou os atuais modelos de financiamento globais, que s\u00e3o prejudiciais aos pa\u00edses em desenvolvimento, e destacou que o Novo Banco de Desenvolvimento (NDB) do Brics pode oferecer alternativas de financiamento mais adequadas \u00e0s necessidades dos pa\u00edses do Sul.&nbsp;<\/p>\n\n\n\n<p>\u201c\u00c9 inadmiss\u00edvel que os pa\u00edses em desenvolvimento sejam penalizados com juros at\u00e9 oito vezes mais altos que os cobrados dos pa\u00edses ricos. \u00c9 preciso aumentar a liquidez, ampliar o financiamento concessional e p\u00f4r fim \u00e0s condicionalidades. O sistema multilateral de com\u00e9rcio deve ser reavivado para voltar a atuar como ferramenta para um com\u00e9rcio justo, previs\u00edvel, equitativo e n\u00e3o discriminat\u00f3rio. A descarboniza\u00e7\u00e3o de nossas economias deve vir acompanhada pela gera\u00e7\u00e3o de empregos dignos, industrializa\u00e7\u00e3o e infraestrutura verdes e servi\u00e7os p\u00fablicos para todos\u201d, disse o presidente.\u00a0<\/p>\n\n\n\n<p>Fonte: Varela Net<\/p>\n","protected":false},"excerpt":{"rendered":"<p>Em discurso na sess\u00e3o plen\u00e1ria ampliada da XV C\u00fapula dos Brics, o presidente Luiz In\u00e1cio Lula da Silva afirmou, nesta quarta-feira (23), que a cria\u00e7\u00e3o de uma moeda \u00fanica para transa\u00e7\u00f5es comerciais entre os pa\u00edses do bloco reduzir\u00e1 vulnerabilidades dessas na\u00e7\u00f5es. Al\u00e9m do Brasil, o grupo re\u00fane China, \u00cdndia, R\u00fassia e \u00c1frica do Sul, pa\u00eds-sede [&hellip;]<\/p>\n","protected":false},"author":2,"featured_media":3424,"comment_status":"open","ping_status":"open","sticky":false,"template":"","format":"standard","meta":{"footnotes":""},"categories":[85,91],"tags":[],"class_list":["post-3423","post","type-post","status-publish","format-standard","has-post-thumbnail","hentry","category-noticias","category-politica"],"_links":{"self":[{"href":"https:\/\/salvadoracontece.com.br\/index.php\/wp-json\/wp\/v2\/posts\/3423","targetHints":{"allow":["GET"]}}],"collection":[{"href":"https:\/\/salvadoracontece.com.br\/index.php\/wp-json\/wp\/v2\/posts"}],"about":[{"href":"https:\/\/salvadoracontece.com.br\/index.php\/wp-json\/wp\/v2\/types\/post"}],"author":[{"embeddable":true,"href":"https:\/\/salvadoracontece.com.br\/index.php\/wp-json\/wp\/v2\/users\/2"}],"replies":[{"embeddable":true,"href":"https:\/\/salvadoracontece.com.br\/index.php\/wp-json\/wp\/v2\/comments?post=3423"}],"version-history":[{"count":1,"href":"https:\/\/salvadoracontece.com.br\/index.php\/wp-json\/wp\/v2\/posts\/3423\/revisions"}],"predecessor-version":[{"id":3425,"href":"https:\/\/salvadoracontece.com.br\/index.php\/wp-json\/wp\/v2\/posts\/3423\/revisions\/3425"}],"wp:featuredmedia":[{"embeddable":true,"href":"https:\/\/salvadoracontece.com.br\/index.php\/wp-json\/wp\/v2\/media\/3424"}],"wp:attachment":[{"href":"https:\/\/salvadoracontece.com.br\/index.php\/wp-json\/wp\/v2\/media?parent=3423"}],"wp:term":[{"taxonomy":"category","embeddable":true,"href":"https:\/\/salvadoracontece.com.br\/index.php\/wp-json\/wp\/v2\/categories?post=3423"},{"taxonomy":"post_tag","embeddable":true,"href":"https:\/\/salvadoracontece.com.br\/index.php\/wp-json\/wp\/v2\/tags?post=3423"}],"curies":[{"name":"wp","href":"https:\/\/api.w.org\/{rel}","templated":true}]}}